{"id":1171285,"date":"2026-09-06T17:53:14","date_gmt":"2026-09-06T17:53:14","guid":{"rendered":"https:\/\/www.europesays.com\/fr\/1171285\/"},"modified":"2026-09-06T17:53:14","modified_gmt":"2026-09-06T17:53:14","slug":"natalie-portman-a-accouche-en-toute-discretion-a-45-ans-lactrice-apercue-a-paris-avec-son-bebe-et-son-compagnon-tanguy-destable","status":"publish","type":"post","link":"https:\/\/www.europesays.com\/fr\/1171285\/","title":{"rendered":"Natalie Portman a accouch\u00e9 en toute discr\u00e9tion : \u00e0 45 ans, l&rsquo;actrice aper\u00e7ue \u00e0 Paris avec son b\u00e9b\u00e9 et son compagnon Tanguy Destable"},"content":{"rendered":"<p>Natalie Portman go\u00fbte \u00e0 nouveau aux tout premiers jours avec un<br \/>\nb\u00e9b\u00e9. Et cette fois, c\u2019est \u00e0 Paris que l\u2019actrice \u00e9crit ce nouveau<br \/>\nchapitre. Quelques semaines apr\u00e8s son accouchement, <strong>elle a<br \/>\n\u00e9t\u00e9 aper\u00e7ue dans les rues de la capitale avec Tanguy<br \/>\nDestable<\/strong>, son compagnon, et leur enfant. Sur les images,<br \/>\nle producteur et compositeur fran\u00e7ais porte le nouveau-n\u00e9 contre<br \/>\nlui, soigneusement envelopp\u00e9, tandis que Natalie Portman marche \u00e0<br \/>\nses c\u00f4t\u00e9s. Une sc\u00e8ne toute simple, loin des projecteurs, qui<br \/>\nressemble beaucoup \u00e0 la mani\u00e8re dont le couple a choisi de vivre<br \/>\ncette naissance.<\/p>\n<p>Le b\u00e9b\u00e9 serait n\u00e9 au mois d\u2019ao\u00fbt \u00e0 Paris. <a href=\"https:\/\/www.mariefrance.fr\/news-people\/jai-grandi-en-entendant-natalie-portman-cash-sur-sa-troisieme-grossesse-a-44-ans-1263682.html\" rel=\"nofollow noopener\" target=\"_blank\"><br \/>\n\u00c0 45 ans, il s\u2019agit du troisi\u00e8me enfant de Natalie Portman<\/a>,<br \/>\nd\u00e9j\u00e0 maman d\u2019Aleph, 15 ans, et d\u2019Amalia, 9 ans, <a href=\"https:\/\/www.mariefrance.fr\/culture\/george-ryan-et-moi\/festival-de-cannes-ces-couples-qui-ont-monte-les-marches-ensemble-423091.html\" rel=\"nofollow noopener\" target=\"_blank\"><br \/>\nn\u00e9s de sa relation avec Benjamin Millepied<\/a>. Apr\u00e8s leur<br \/>\ns\u00e9paration en 2023, <strong>l\u2019actrice a retrouv\u00e9 l\u2019amour aupr\u00e8s de<br \/>\nTanguy Destable<\/strong>. Leur histoire s\u2019est construite sans<br \/>\ngrandes d\u00e9clarations publiques et leur grossesse a suivi le m\u00eame<br \/>\nchemin. Pour l\u2019instant, le couple n\u2019a d\u00e9voil\u00e9 ni le sexe ni le<br \/>\npr\u00e9nom du b\u00e9b\u00e9.<\/p>\n<blockquote class=\"twitter-tweet\"><p><a class=\"twitter-link\" rel=\"noindex, nofollow noopener\" href=\"https:\/\/twitter.com\/ThoughtCatalog\/status\/2096337624638091504\" target=\"_blank\"><\/p><\/blockquote>\n<p>Natalie Portman et Tanguy Destable, une nouvelle vie de famille<br \/>\n\u00e0 Paris !<\/p>\n<p>Ce choix de la capitale fran\u00e7aise n\u2019a rien d\u2019anecdotique.<br \/>\nNatalie Portman y vit depuis plusieurs ann\u00e9es et y a pass\u00e9 une<br \/>\ngrande partie de sa grossesse. La capitale est devenue un vrai<br \/>\npoint d\u2019ancrage dans sa vie personnelle, et c\u2019est aussi en France<br \/>\nqu\u2019elle a choisi d\u2019\u00eatre suivie m\u00e9dicalement. Quelques semaines<br \/>\navant la naissance, elle avait fait les \u00e9loges du syst\u00e8me de sant\u00e9<br \/>\nfran\u00e7ais, qu\u2019elle comparait \u00e0 celui des \u00c9tats-Unis. Elle avait<br \/>\nnotamment soulign\u00e9 la logique de ce syst\u00e8me pens\u00e9 pour offrir les<br \/>\nmeilleurs soins au plus grand nombre, un aspect qui l\u2019avait<br \/>\nmarqu\u00e9e.<\/p>\n<p>Elle s\u2019\u00e9tait aussi amus\u00e9e d\u2019une petite diff\u00e9rence tr\u00e8s concr\u00e8te<br \/>\n: en France, le terme est fix\u00e9 \u00e0 41 semaines, soit une semaine de<br \/>\nplus que le rep\u00e8re auquel elle \u00e9tait habitu\u00e9e. Un d\u00e9tail qu&rsquo;elle<br \/>\nracontait avec humour, comme une petite surprise de cette grossesse<br \/>\nfran\u00e7aise. Pendant ces mois d\u2019attente, l\u2019actrice avait continu\u00e9 \u00e0<br \/>\nbouger, s&rsquo;octroyer des promenades, ou encore faire de la natation<br \/>\net des exercices de gyrotonic. Elle avait m\u00eame \u00e9t\u00e9 aper\u00e7ue dans un<br \/>\nparc parisien avec Tanguy Destable, avant une sortie au cin\u00e9ma. Une<br \/>\ngrossesse v\u00e9cue au rythme du quotidien, sans bouleverser leurs<br \/>\nhabitudes plus que n\u00e9cessaire.<\/p>\n<p><img loading=\"lazy\" decoding=\"async\" aria-describedby=\"caption-attachment-1298336\" itemprop=\"thumbnailUrl\" class=\"size-full wp-image-1298336 img-responsive\" src=\"https:\/\/www.europesays.com\/fr\/wp-content\/uploads\/2026\/09\/shutterstock_editorial_15541970l-1.jpg\" alt=\"natalie portman\" width=\"1500\" height=\"999\"\/><br \/>\n\u00a9 Reynaud<br \/>\nJulien\/APS-Medias\/ABACA\/Shutterstock<\/p>\n<p id=\"caption-attachment-1298336\" class=\"wp-caption-text\">natalie<br \/>\nportman<\/p>\n<p>\u00a0\u00ab\u00a0C&rsquo;est probablement la derni\u00e8re<br \/>\nfois\u00a0\u00bb<\/p>\n<p>Cette troisi\u00e8me grossesse, Natalie Portman l\u2019a v\u00e9cue avec une<br \/>\n\u00e9motion particuli\u00e8re. D\u00e9j\u00e0 m\u00e8re de deux grands enfants, <a href=\"https:\/\/www.mariefrance.fr\/news-people\/natalie-portman-recadre-gentiment-laurent-delahousse-plein-direct-914509.html\" rel=\"nofollow noopener\" target=\"_blank\"><br \/>\nl&rsquo;actrice qui n&rsquo;a jamais sa langue dans sa poche<\/a> disait mesurer<br \/>\nautrement ce que repr\u00e9sente une nouvelle maternit\u00e9 \u00e0 45 ans.<br \/>\n\u00ab\u00a0Tanguy et moi sommes ravis. C&rsquo;est une chose <strong>si belle<br \/>\net si joyeuse, mais aussi si compliqu\u00e9e.<\/strong> J&rsquo;en suis<br \/>\npleinement consciente et tr\u00e8s reconnaissante. J&rsquo;\u00e9prouve une<br \/>\nprofonde gratitude\u00a0\u00bb, avait-elle confi\u00e9.<\/p>\n<p>\u00ab\u00a0Il y a une gratitude qu&rsquo;on ne comprend pas forc\u00e9ment quand<br \/>\non est jeune\u00a0\u00bb, expliquait-elle, avant d\u2019ajouter d&rsquo;indiquer :<br \/>\n<strong>\u00ab\u00a0C&rsquo;est probablement la derni\u00e8re fois\u00a0\u00bb.<\/strong><br \/>\nDes mots qui donnent une autre couleur \u00e0 cette naissance, comme si<br \/>\nl\u2019actrice avait voulu savourer chaque \u00e9tape un peu plus fort.<br \/>\nAujourd\u2019hui, entre ses deux a\u00een\u00e9s, Tanguy Destable et ce<br \/>\nnouveau-n\u00e9, Natalie Portman entre dans une nouvelle configuration<br \/>\nfamiliale&#8230; mais toujours dans la douceur et la discr\u00e9tion.<\/p>\n<p><script async src=\"https:\/\/platform.twitter.com\/widgets.js\" charset=\"utf-8\"><\/script><\/p>\n","protected":false},"excerpt":{"rendered":"Natalie Portman go\u00fbte \u00e0 nouveau aux tout premiers jours avec un b\u00e9b\u00e9. Et cette fois, c\u2019est \u00e0 Paris&hellip;\n","protected":false},"author":2,"featured_media":1171286,"comment_status":"","ping_status":"","sticky":false,"template":"","format":"standard","meta":{"footnotes":"","_share_on_mastodon":"0"},"categories":[1888],"tags":[1111,1928,11,1927,21303,1777,674,1011,27,12,1926,626,1925,25],"class_list":["post-1171285","post","type-post","status-publish","format-standard","has-post-thumbnail","category-paris","tag-actu","tag-actu-paris","tag-actualites","tag-actualites-paris","tag-buzz_nonli","tag-eu","tag-europe","tag-fr","tag-france","tag-news","tag-news-paris","tag-paris","tag-paris-news","tag-republique-francaise"],"share_on_mastodon":{"url":"https:\/\/pubeurope.com\/@fr\/117225379217693429","error":""},"_links":{"self":[{"href":"https:\/\/www.europesays.com\/fr\/wp-json\/wp\/v2\/posts\/1171285","targetHints":{"allow":["GET"]}}],"collection":[{"href":"https:\/\/www.europesays.com\/fr\/wp-json\/wp\/v2\/posts"}],"about":[{"href":"https:\/\/www.europesays.com\/fr\/wp-json\/wp\/v2\/types\/post"}],"author":[{"embeddable":true,"href":"https:\/\/www.europesays.com\/fr\/wp-json\/wp\/v2\/users\/2"}],"replies":[{"embeddable":true,"href":"https:\/\/www.europesays.com\/fr\/wp-json\/wp\/v2\/comments?post=1171285"}],"version-history":[{"count":0,"href":"https:\/\/www.europesays.com\/fr\/wp-json\/wp\/v2\/posts\/1171285\/revisions"}],"wp:featuredmedia":[{"embeddable":true,"href":"https:\/\/www.europesays.com\/fr\/wp-json\/wp\/v2\/media\/1171286"}],"wp:attachment":[{"href":"https:\/\/www.europesays.com\/fr\/wp-json\/wp\/v2\/media?parent=1171285"}],"wp:term":[{"taxonomy":"category","embeddable":true,"href":"https:\/\/www.europesays.com\/fr\/wp-json\/wp\/v2\/categories?post=1171285"},{"taxonomy":"post_tag","embeddable":true,"href":"https:\/\/www.europesays.com\/fr\/wp-json\/wp\/v2\/tags?post=1171285"}],"curies":[{"name":"wp","href":"https:\/\/api.w.org\/{rel}","templated":true}]}}