{"id":1171289,"date":"2026-09-06T17:55:31","date_gmt":"2026-09-06T17:55:31","guid":{"rendered":"https:\/\/www.europesays.com\/fr\/1171289\/"},"modified":"2026-09-06T17:55:31","modified_gmt":"2026-09-06T17:55:31","slug":"paris-avant-ses-concerts-les-fans-de-celine-dion-se-ruent-sur-les-produits-derives","status":"publish","type":"post","link":"https:\/\/www.europesays.com\/fr\/1171289\/","title":{"rendered":"Paris. Avant ses concerts, les fans de C\u00e9line Dion se ruent sur les produits d\u00e9riv\u00e9s"},"content":{"rendered":"<p>Attendu depuis sa m\u00e9morable performance lors de la c\u00e9r\u00e9monie d\u2019ouverture des Jeux olympiques de Paris en 2024, <a href=\"https:\/\/www.ledauphine.com\/culture-loisirs\/2026\/09\/02\/celine-dion-decors-invites-musique-ce-que-l-on-sait-de-sa-serie-de-concerts-tres-attendus\" target=\"_blank\" rel=\"nofollow noopener\">le retour de C\u00e9line Dion<\/a> dans la capitale ravit autant ses fans que les partenaires \u00e9conomiques qui profitent de la marchandisation de produits d\u00e9riv\u00e9s autour de la star. En seulement quelques heures, un simple pop-up store au milieu du troisi\u00e8me \u00e9tage des Galeries Lafayette parisiennes est devenu le point de ralliement d\u2019une communaut\u00e9 \u00e0 la recherche d\u2019un souvenir ou d\u2019un objet incontournable.<\/p>\n<p>C\u2019est un personnel arborant fi\u00e8rement le tee-shirt \u201cI Love <a href=\"https:\/\/www.ledauphine.com\/p\/celine-dion\" target=\"_blank\" rel=\"nofollow noopener\">C\u00e9line Dion<\/a> Paris\u201d qui guide les clients \u00e0 travers une gamme de produits d\u00e9riv\u00e9s. Les tee-shirts floqu\u00e9s de photos de la diva s\u2019arrachent, mais ce sont des r\u00e9\u00e9ditions r\u00e9tro d\u2019anciennes \u00e9ditions, sign\u00e9es \u201c2026\u201d, qui leur volent la vedette.<\/p>\n<p>  Des collaborations prestigieuses<\/p>\n<p>Les collectionneurs se ruent sur les \u00e9ditions anniversaires des albums cultes de\u00a01995 et\u00a01996, D\u2019eux et Falling into You. Les adeptes ne cachent pas leur joie face aux bacs de vinyles remis en pressage. \u00ab\u00a0Je suis venue sp\u00e9cialement pour l\u2019occasion\u00a0\u00bb, confie Amandine, 42\u00a0ans, son vinyle sur le c\u0153ur. \u00ab\u00a0En 1996, j\u2019\u00e9tais trop jeune pour m\u2019offrir les souvenirs de la tourn\u00e9e. Trente ans plus tard, c\u2019est un joli clin d\u2019\u0153il de pouvoir ramener \u00e7a comme souvenir.\u00a0\u00bb<\/p>\n<p>Noella, 52 ans, rencontr\u00e9e jeudi matin par Le Parisien, \u00e9tait venue sp\u00e9cialement d\u2019Amiens (Somme) avec sa fille pour l\u2019ouverture du magasin. En quelques heures, cette employ\u00e9e dans la restauration hospitali\u00e8re <a href=\"https:\/\/www.ledauphine.com\/culture-loisirs\/2026\/09\/05\/je-ne-suis-pas-partie-cet-ete-cette-fan-depense-900-euros-de-goodies-a-la-boutique-celine-dion\" target=\"_blank\" rel=\"nofollow noopener\">a d\u00e9pens\u00e9 900 euros<\/a>. Une d\u00e9pense qu\u2019elle assume pleinement. \u00ab\u00a0Je ne suis pas partie en vacances cet \u00e9t\u00e9, j\u2019ai \u00e9conomis\u00e9. C\u00e9line, c\u2019est mon plaisir.\u00a0\u00bb<\/p>\n<p>Cette boutique \u00e9ph\u00e9m\u00e8re \u2013 elle fermera dans un mois \u2013 est une initiative d\u2019Universal Music, qui a orchestr\u00e9 des collaborations de prestige. Parmi elles, la marque Maje g\u00e8re la distribution textile avec un succ\u00e8s fulgurant. \u00ab\u00a0Nous r\u00e9alisons \u00e0 peu pr\u00e8s 200\u00a0% du chiffre d\u2019affaires que l\u2019on avait pr\u00e9vu sur une journ\u00e9e. Et m\u00eame sur les r\u00e9seaux sociaux, on voit que les vid\u00e9os du store  tournent en boucle, \u00e7a fonctionne vraiment bien\u00a0\u00bb, s\u2019enthousiasme le responsable commercial de la marque.<\/p>\n<p>L\u2019autre sensation de ce pop-up est sign\u00e9e Pierre Herm\u00e9. Le c\u00e9l\u00e8bre p\u00e2tissier a imagin\u00e9 une collection limit\u00e9e de macarons haut de gamme, nich\u00e9s dans des coffrets m\u00e9talliques frapp\u00e9s du nom de \u201cC\u00e9line Dion\u201d. Trente ans apr\u00e8s ses premiers triomphes parisiens, l\u2019ic\u00f4ne qu\u00e9b\u00e9coise conserve un pouvoir d\u2019attraction intact.<\/p>\n","protected":false},"excerpt":{"rendered":"Attendu depuis sa m\u00e9morable performance lors de la c\u00e9r\u00e9monie d\u2019ouverture des Jeux olympiques de Paris en 2024, le&hellip;\n","protected":false},"author":2,"featured_media":1171290,"comment_status":"","ping_status":"","sticky":false,"template":"","format":"standard","meta":{"footnotes":"","_share_on_mastodon":"0"},"categories":[1888],"tags":[11,1777,674,107,1011,27,329,1757,12,626,25],"class_list":["post-1171289","post","type-post","status-publish","format-standard","has-post-thumbnail","category-paris","tag-actualites","tag-eu","tag-europe","tag-fil-info","tag-fr","tag-france","tag-france-monde","tag-insolite","tag-news","tag-paris","tag-republique-francaise"],"share_on_mastodon":{"url":"https:\/\/pubeurope.com\/@fr\/117225384992081110","error":""},"_links":{"self":[{"href":"https:\/\/www.europesays.com\/fr\/wp-json\/wp\/v2\/posts\/1171289","targetHints":{"allow":["GET"]}}],"collection":[{"href":"https:\/\/www.europesays.com\/fr\/wp-json\/wp\/v2\/posts"}],"about":[{"href":"https:\/\/www.europesays.com\/fr\/wp-json\/wp\/v2\/types\/post"}],"author":[{"embeddable":true,"href":"https:\/\/www.europesays.com\/fr\/wp-json\/wp\/v2\/users\/2"}],"replies":[{"embeddable":true,"href":"https:\/\/www.europesays.com\/fr\/wp-json\/wp\/v2\/comments?post=1171289"}],"version-history":[{"count":0,"href":"https:\/\/www.europesays.com\/fr\/wp-json\/wp\/v2\/posts\/1171289\/revisions"}],"wp:featuredmedia":[{"embeddable":true,"href":"https:\/\/www.europesays.com\/fr\/wp-json\/wp\/v2\/media\/1171290"}],"wp:attachment":[{"href":"https:\/\/www.europesays.com\/fr\/wp-json\/wp\/v2\/media?parent=1171289"}],"wp:term":[{"taxonomy":"category","embeddable":true,"href":"https:\/\/www.europesays.com\/fr\/wp-json\/wp\/v2\/categories?post=1171289"},{"taxonomy":"post_tag","embeddable":true,"href":"https:\/\/www.europesays.com\/fr\/wp-json\/wp\/v2\/tags?post=1171289"}],"curies":[{"name":"wp","href":"https:\/\/api.w.org\/{rel}","templated":true}]}}