{"id":1171303,"date":"2026-09-06T18:06:17","date_gmt":"2026-09-06T18:06:17","guid":{"rendered":"https:\/\/www.europesays.com\/fr\/1171303\/"},"modified":"2026-09-06T18:06:17","modified_gmt":"2026-09-06T18:06:17","slug":"nous-sommes-une-famille-sous-la-menace-de-trump-le-groenland-recoit-le-soutien-de-von-der-leyen","status":"publish","type":"post","link":"https:\/\/www.europesays.com\/fr\/1171303\/","title":{"rendered":"\u00ab\u00a0Nous sommes une famille\u00a0\u00bb\u2026 Sous la menace de Trump, le Groenland re\u00e7oit le soutien de von der Leyen"},"content":{"rendered":"<p>Une visite de soutien <a href=\"https:\/\/www.20minutes.fr\/monde\/etats-unis\/4212615-20260319-groenland-ile-arctique-serieusement-preparee-invasion-americaine\" class=\"c-link c-link--is-underlined\" rel=\"nofollow noopener\" target=\"_blank\">sept mois apr\u00e8s le pire de la crise<\/a>. Ce dimanche, la pr\u00e9sidente de la Commission europ\u00e9enne, <a href=\"https:\/\/www.20minutes.fr\/politique\/ursula-von-der-leyen\/\" class=\"c-link c-link--is-underlined\" rel=\"nofollow noopener\" target=\"_blank\">Ursula von\u00a0der\u00a0Leyen<\/a>, a entam\u00e9 une visite au <a href=\"https:\/\/www.20minutes.fr\/dossier\/groenland\" class=\"c-link c-link--is-underlined\" rel=\"nofollow noopener\" target=\"_blank\">Groenland<\/a>, immense \u00eele arctique convoit\u00e9e par <a href=\"https:\/\/www.20minutes.fr\/dossier\/donald_trump\" class=\"c-link c-link--is-underlined\" rel=\"nofollow noopener\" target=\"_blank\">Donald Trump<\/a>. La cheffe de l\u2019ex\u00e9cutif europ\u00e9en a atterri sous un soleil \u00e9clatant \u00e0 Nuuk, la capitale de ce territoire autonome danois o\u00f9 elle s\u2019appr\u00eate \u00e0 passer deux jours.<\/p>\n<p>Au programme\u00a0: une visite en bateau au milieu d\u2019icebergs, une s\u00e9rie de rendez-vous avec le chef du gouvernement groenlandais et la Premi\u00e8re ministre danoise, et la signature d\u2019une d\u00e9claration commune entre l\u2019UE et le Groenland. Elle fera passer, tout au long du d\u00e9placement, un m\u00eame message\u00a0: ce territoire doit exister avec l\u2019<a href=\"https:\/\/www.20minutes.fr\/dossier\/europe\" class=\"c-link c-link--is-underlined\" rel=\"nofollow noopener\" target=\"_blank\">Europe<\/a> plut\u00f4t qu\u2019avec les Etats-Unis.<\/p>\n<p>Un \u00ab\u00a0partenariat fort\u00a0\u00bb avec l\u2019Union europ\u00e9enne<\/p>\n<p>\u00ab\u00a0Nous sommes une famille\u00a0\u00bb, a dit \u00e0 sa descente de l\u2019avion la pr\u00e9sidente de la Commission. \u00ab\u00a0Ce qui se passe dans l\u2019Arctique affecte directement le reste de l\u2019Europe, et un partenariat fort avec le Groenland est crucial pour notre position dans la r\u00e9gion\u00a0\u00bb, a soulign\u00e9 le commissaire europ\u00e9en Josef Sikela, \u00e9galement du voyage.<\/p>\n<\/p>\n<p>Les vell\u00e9it\u00e9s de Donald Trump \u00e0 l\u2019\u00e9gard du Groenland ont provoqu\u00e9 une crise majeure en d\u00e9but d\u2019ann\u00e9e. M\u00e9dus\u00e9s, les Europ\u00e9ens ont soudain vu leur alli\u00e9 de toujours, sur qui ils comptent pour leur s\u00e9curit\u00e9, commencer \u00e0 les menacer. Au plus fort de la crise, le pr\u00e9sident am\u00e9ricain a m\u00eame \u00e9voqu\u00e9 la possibilit\u00e9 \u00ab\u00a0d\u2019utiliser la force\u00a0\u00bb pour s\u2019emparer du territoire de 57.000 habitants, semant l\u2019inqui\u00e9tude au sein de l\u2019UE et de l\u2019Otan.<\/p>\n<p>200\u00a0millions d\u2019euros d\u2019investissement<\/p>\n<p>La tension n\u2019est retomb\u00e9e que gr\u00e2ce \u00e0 l\u2019\u00e9laboration d\u2019un groupe de travail Danemark\/Groenland\/Etats-Unis qui cherche une sortie durable \u00e0 cette situation. Sept mois sont depuis pass\u00e9s. Mais les Europ\u00e9ens n\u2019ont pas cess\u00e9 leurs messages de solidarit\u00e9 \u00e0 l\u2019\u00e9gard du Groenland et du Danemark, bien conscients que ces menaces pourraient \u00e0 tout moment ressurgir.<\/p>\n<p>Ils assortissent ces d\u00e9clarations de promesses d\u2019investissements, et la pr\u00e9sidente de la Commission europ\u00e9enne pourrait durant sa visite annoncer une nouvelle enveloppe de 200\u00a0millions d\u2019euros pour le Groenland.<\/p>\n<p>\u00ab\u00a0L\u2019Europe tient ses promesses. Nous \u00e9tendons notre coop\u00e9ration \u00e0 de nouveaux domaines, qu\u2019il s\u2019agisse d\u2019une connectivit\u00e9 meilleure et plus rapide, d\u2019\u00e9nergies propres ou de mati\u00e8res premi\u00e8res critiques\u00a0\u00bb, a dit Ursula von\u00a0der\u00a0Leyen.<\/p>\n<p>Les \u00ab\u00a0cartes postales de Trump\u00a0\u00bb<\/p>\n<p>Sa visite co\u00efncide avec le d\u00e9but de l\u2019exercice Arctic Shield qui r\u00e9unit des soldats de dix pays de l\u2019OTAN, \u00ab\u00a0une concomitance qui n\u2019est pas n\u00e9gligeable\u00a0\u00bb, selon Mikaa Blugeon-Mered, chercheur en g\u00e9opolitique \u00e0 l\u2019Universit\u00e9 du Qu\u00e9bec.<\/p>\n<p>Le signal est d\u2019autant plus important que, si la pression am\u00e9ricaine s\u2019est faite plus discr\u00e8te apr\u00e8s la visite en mai de l\u2019\u00e9missaire sp\u00e9cial de Donald Trump pour le Groenland, Jeff Landry, elle n\u2019en a pas pour autant disparu. \u00ab\u00a0On a eu tous les mois des cartes postales de Trump ou de ses proches sur le Groenland qui montrent qu\u2019ils n\u2019ont pas oubli\u00e9\u00a0\u00bb, rappelle Mikaa Blugeon-Mered.<\/p>\n<p>En ao\u00fbt, la m\u00e9diatisation des pr\u00e9paratifs d\u2019une compagnie p\u00e9troli\u00e8re am\u00e9ricaine dans une r\u00e9gion isol\u00e9e de l\u2019est de l\u2019\u00eele a raviv\u00e9 les inqui\u00e9tudes.<\/p>\n<p>Prot\u00e9ger l\u2019acc\u00e8s europ\u00e9en aux mati\u00e8res premi\u00e8res critiques<\/p>\n<p>Le projet, op\u00e9r\u00e9 par une entreprise texane sur la base de licences d\u00e9livr\u00e9es avant un moratoire de\u00a02021 sur l\u2019exploration et l\u2019extraction d\u2019hydrocarbures, met mal \u00e0 l\u2019aise les riverains et les autorit\u00e9s, qui, arguant de raisons proc\u00e9durales, n\u2019ont pas donn\u00e9 de feu vert \u00e0 un premier forage exploratoire.<\/p>\n<p>Tr\u00e8s d\u00e9pendante \u00e9conomiquement du <a href=\"https:\/\/www.20minutes.fr\/dossier\/danemark\" class=\"c-link c-link--is-underlined\" rel=\"nofollow noopener\" target=\"_blank\">Danemark<\/a>, et de son secteur de la p\u00eache, Nuuk peine actuellement \u00e0 d\u00e9velopper les industries extractives qui pourraient contribuer \u00e0 son \u00e9mancipation. Aujourd\u2019hui, quelque 135 permis miniers sont d\u00e9tenus par plus de soixante entreprises, mais seules deux mines sont en activit\u00e9. C\u2019est l\u00e0 que l\u2019UE veut jouer un r\u00f4le, en mettant la main au portefeuille.<\/p>\n<p>Bruxelles esp\u00e8re que ces promesses d\u2019investissements permettront d\u2019une pierre deux coups de nouer une relation de confiance avec le Groenland et de diversifier l\u2019acc\u00e8s europ\u00e9en aux mati\u00e8res premi\u00e8res critiques, jusqu\u2019ici tr\u00e8s li\u00e9 \u00e0 la Chine. Elle souhaite en parall\u00e8le encourager le d\u00e9veloppement de projets de tourisme durable, de connectivit\u00e9 du territoire.<\/p>\n<p>Les \u00celes F\u00e9ro\u00e9 \u00e9galement convi\u00e9es<\/p>\n<p>Outre le chef du gouvernement groenlandais Jens-Frederik Nielsen et la Premi\u00e8re ministre danoise Mette Frederiksen, Ursula von\u00a0der\u00a0Leyen rencontrera le chef du gouvernement f\u00e9ringien Beinir Johannesen.<\/p>\n<p>Danemark, <a href=\"https:\/\/www.20minutes.fr\/dossier\/iles_feroe\" class=\"c-link c-link--is-underlined\" rel=\"nofollow noopener\" target=\"_blank\">\u00eeles F\u00e9ro\u00e9<\/a> et Groenland tiennent lundi et mardi \u00e0 Nuuk leur r\u00e9union biannuelle sur les relations au sein du royaume du Danemark dont ils sont les trois entit\u00e9s constitutives.<\/p>\n","protected":false},"excerpt":{"rendered":"Une visite de soutien sept mois apr\u00e8s le pire de la crise. Ce dimanche, la pr\u00e9sidente de la&hellip;\n","protected":false},"author":2,"featured_media":1171304,"comment_status":"","ping_status":"","sticky":false,"template":"","format":"standard","meta":{"footnotes":"","_share_on_mastodon":"0"},"categories":[1586],"tags":[47,11,309,145,75,73,1777,674,1779,1011,27,146,74,12,136,25,1778,364,555,2544],"class_list":["post-1171303","post","type-post","status-publish","format-standard","has-post-thumbnail","category-europe","tag-actualite","tag-actualites","tag-chine","tag-danemark","tag-donald-trump","tag-etats-unis","tag-eu","tag-europe","tag-european-union","tag-fr","tag-france","tag-groenland","tag-monde","tag-news","tag-otan","tag-republique-francaise","tag-ue","tag-union-europeenne","tag-union-europeenne-ue","tag-ursula-von-der-leyen"],"share_on_mastodon":{"url":"https:\/\/pubeurope.com\/@fr\/117225428482674551","error":""},"_links":{"self":[{"href":"https:\/\/www.europesays.com\/fr\/wp-json\/wp\/v2\/posts\/1171303","targetHints":{"allow":["GET"]}}],"collection":[{"href":"https:\/\/www.europesays.com\/fr\/wp-json\/wp\/v2\/posts"}],"about":[{"href":"https:\/\/www.europesays.com\/fr\/wp-json\/wp\/v2\/types\/post"}],"author":[{"embeddable":true,"href":"https:\/\/www.europesays.com\/fr\/wp-json\/wp\/v2\/users\/2"}],"replies":[{"embeddable":true,"href":"https:\/\/www.europesays.com\/fr\/wp-json\/wp\/v2\/comments?post=1171303"}],"version-history":[{"count":0,"href":"https:\/\/www.europesays.com\/fr\/wp-json\/wp\/v2\/posts\/1171303\/revisions"}],"wp:featuredmedia":[{"embeddable":true,"href":"https:\/\/www.europesays.com\/fr\/wp-json\/wp\/v2\/media\/1171304"}],"wp:attachment":[{"href":"https:\/\/www.europesays.com\/fr\/wp-json\/wp\/v2\/media?parent=1171303"}],"wp:term":[{"taxonomy":"category","embeddable":true,"href":"https:\/\/www.europesays.com\/fr\/wp-json\/wp\/v2\/categories?post=1171303"},{"taxonomy":"post_tag","embeddable":true,"href":"https:\/\/www.europesays.com\/fr\/wp-json\/wp\/v2\/tags?post=1171303"}],"curies":[{"name":"wp","href":"https:\/\/api.w.org\/{rel}","templated":true}]}}