{"id":1171401,"date":"2026-09-06T19:18:30","date_gmt":"2026-09-06T19:18:30","guid":{"rendered":"https:\/\/www.europesays.com\/fr\/1171401\/"},"modified":"2026-09-06T19:18:30","modified_gmt":"2026-09-06T19:18:30","slug":"ile-de-france-29-885-logements-sociaux-agrees-en-2025","status":"publish","type":"post","link":"https:\/\/www.europesays.com\/fr\/1171401\/","title":{"rendered":"\u00cele-de-France : 29 885 logements sociaux agr\u00e9\u00e9s en 2025"},"content":{"rendered":"<p><img src=\"https:\/\/www.europesays.com\/fr\/wp-content\/uploads\/2026\/09\/2026-09-06-logement-hebergement-bilan-2025.C0W7ycDF_Z25BUW3.webp\" alt=\"Illustration - Logement social en \u00cele-de-France\" data-astro-cid-hjc3u73o=\"true\" loading=\"lazy\" decoding=\"async\" width=\"600\" height=\"425\" class=\"article-image__asset\"\/><\/p>\n<p>L\u2019\u00cele-de-France a recommenc\u00e9 \u00e0 programmer beaucoup plus de logements sociaux en 2025. La DRIHL en recense 29 885 agr\u00e9\u00e9s, soit 34 % de plus qu\u2019en 2024 et 95 % de l\u2019objectif r\u00e9gional. Le niveau se rapproche ainsi de ceux observ\u00e9s avant 2020.<\/p>\n<p>Ces 29 885 agr\u00e9ments ne signifient pas que 29 885 logements suppl\u00e9mentaires sont d\u00e9j\u00e0 disponibles. Un agr\u00e9ment permet de financer et lancer une op\u00e9ration. La livraison intervient plus tard. \u00c0 titre de comparaison, 15 625 logements sociaux sont effectivement entr\u00e9s dans le parc francilien en 2024.<\/p>\n<p>Le d\u00e9calage est essentiel dans une r\u00e9gion o\u00f9 la demande continue de saturer le syst\u00e8me. Fin 2025, environ 934 000 demandes de logement social \u00e9taient actives pour quelque 67 000 attributions dans l\u2019ann\u00e9e. En parall\u00e8le, l\u2019\u00c9tat finan\u00e7ait 117 728 places d\u2019h\u00e9bergement, dont 47 610 \u00e0 l\u2019h\u00f4tel. En ajoutant le logement adapt\u00e9, l\u2019ensemble atteignait 148 742 places.<\/p>\n<p>La r\u00e9gion doit donc augmenter son parc durable tout en absorbant une p\u00e9nurie d\u00e9j\u00e0 install\u00e9e.<\/p>\n<p>La relance ne prend d\u2019ailleurs pas la m\u00eame forme partout. L\u2019un des leviers de 2025 consiste \u00e0 transformer des bureaux en logements. Les op\u00e9rations retenues repr\u00e9sentent 2 895 logements sociaux r\u00e9partis dans les huit d\u00e9partements franciliens, mais avec des \u00e9carts consid\u00e9rables : 861 dans les Hauts-de-Seine, 639 \u00e0 Paris, 491 dans l\u2019Essonne et 429 dans le Val-de-Marne, contre 66 dans le Val-d\u2019Oise et 35 en Seine-Saint-Denis. Ces \u00e9carts montrent que ce levier n\u2019a pas le m\u00eame poids d\u2019un d\u00e9partement \u00e0 l\u2019autre.<\/p>\n<p>D\u2019autres moteurs ont renforc\u00e9 l\u2019ann\u00e9e 2025 : la reconstruction de logements d\u00e9molis dans les quartiers concern\u00e9s par le renouvellement urbain, les r\u00e9sidences \u00e9tudiantes et une production accrue dans les communes soumises aux obligations de la loi SRU. La part des agr\u00e9ments situ\u00e9s dans des communes officiellement carenc\u00e9es est ainsi pass\u00e9e de 8 % \u00e0 15 % du total r\u00e9gional entre 2024 et 2025.<\/p>\n<p>L\u2019\u00c9tat a consacr\u00e9 3,346 milliards d\u2019euros d\u2019aides directes au logement, \u00e0 l\u2019h\u00e9bergement, \u00e0 la r\u00e9novation et au renouvellement urbain en \u00cele-de-France en 2025. Cette enveloppe n\u2019inclut pas les aides personnelles au logement. \u00c0 elle seule, la politique d\u2019h\u00e9bergement et d\u2019accompagnement des personnes vuln\u00e9rables repr\u00e9sente 1,258 milliard d\u2019euros.<\/p>\n<p>L\u2019\u00c9tat finance donc simultan\u00e9ment l\u2019h\u00e9bergement actuel et l\u2019augmentation de l\u2019offre future. La hausse des agr\u00e9ments montre que la programmation a red\u00e9marr\u00e9. Mais avec pr\u00e8s d\u2019un million de demandes actives, son effet se mesurera surtout dans les prochaines ann\u00e9es, lorsque ces op\u00e9rations deviendront des logements occupables. Dans toute l\u2019\u00cele-de-France, c\u2019est ce passage du financement \u00e0 la cl\u00e9 remise au locataire qui d\u00e9terminera si le recours massif \u00e0 l\u2019h\u00f4tel commence enfin \u00e0 reculer.<\/p>\n","protected":false},"excerpt":{"rendered":"L\u2019\u00cele-de-France a recommenc\u00e9 \u00e0 programmer beaucoup plus de logements sociaux en 2025. La DRIHL en recense 29 885&hellip;\n","protected":false},"author":2,"featured_media":1171402,"comment_status":"","ping_status":"","sticky":false,"template":"","format":"standard","meta":{"footnotes":"","_share_on_mastodon":"0"},"categories":[1592],"tags":[1111,11,1777,674,1011,27,662,12,626,25],"class_list":["post-1171401","post","type-post","status-publish","format-standard","has-post-thumbnail","category-ile-de-france","tag-actu","tag-actualites","tag-eu","tag-europe","tag-fr","tag-france","tag-ile-de-france","tag-news","tag-paris","tag-republique-francaise"],"share_on_mastodon":{"url":"","error":""},"_links":{"self":[{"href":"https:\/\/www.europesays.com\/fr\/wp-json\/wp\/v2\/posts\/1171401","targetHints":{"allow":["GET"]}}],"collection":[{"href":"https:\/\/www.europesays.com\/fr\/wp-json\/wp\/v2\/posts"}],"about":[{"href":"https:\/\/www.europesays.com\/fr\/wp-json\/wp\/v2\/types\/post"}],"author":[{"embeddable":true,"href":"https:\/\/www.europesays.com\/fr\/wp-json\/wp\/v2\/users\/2"}],"replies":[{"embeddable":true,"href":"https:\/\/www.europesays.com\/fr\/wp-json\/wp\/v2\/comments?post=1171401"}],"version-history":[{"count":0,"href":"https:\/\/www.europesays.com\/fr\/wp-json\/wp\/v2\/posts\/1171401\/revisions"}],"wp:featuredmedia":[{"embeddable":true,"href":"https:\/\/www.europesays.com\/fr\/wp-json\/wp\/v2\/media\/1171402"}],"wp:attachment":[{"href":"https:\/\/www.europesays.com\/fr\/wp-json\/wp\/v2\/media?parent=1171401"}],"wp:term":[{"taxonomy":"category","embeddable":true,"href":"https:\/\/www.europesays.com\/fr\/wp-json\/wp\/v2\/categories?post=1171401"},{"taxonomy":"post_tag","embeddable":true,"href":"https:\/\/www.europesays.com\/fr\/wp-json\/wp\/v2\/tags?post=1171401"}],"curies":[{"name":"wp","href":"https:\/\/api.w.org\/{rel}","templated":true}]}}