{"id":1171403,"date":"2026-09-06T19:20:25","date_gmt":"2026-09-06T19:20:25","guid":{"rendered":"https:\/\/www.europesays.com\/fr\/1171403\/"},"modified":"2026-09-06T19:20:25","modified_gmt":"2026-09-06T19:20:25","slug":"apres-paris-seychelles-julien-dore-fait-escale-a-chalons-actualites","status":"publish","type":"post","link":"https:\/\/www.europesays.com\/fr\/1171403\/","title":{"rendered":"Apr\u00e8s \u00ab\u00a0Paris-Seychelles\u00a0\u00bb, Julien Dor\u00e9 fait escale \u00e0 Ch\u00e2lons : Actualit\u00e9s"},"content":{"rendered":"<p class=\"a__paragraph text-gray3 \" id=\"atm-video-summary-text\">\n                    Cet apr\u00e8s-midi, le chanteur Julien Dor\u00e9 a livr\u00e9 une performance haute en couleurs sur la sc\u00e8ne de la Foire. (Re)Vivez le concert en images.\n            <\/p>\n<p class=\"small mb-0 py-0\">Vid\u00e9o suivante dans 5 secondes<\/p>\n<p>                     Partager<\/p>\n<p>                    fermer<\/p>\n<p>      Signaler une vid\u00e9o illicite<\/p>\n<p class=\"a__paragraph \" id=\"atm-ff28bfe8ee2e4e368997db65fb61038d\">\n                    Vous allez \u00eatre redirig\u00e9 vers la plateforme Dailymotion sur laquelle le contenu est h\u00e9berg\u00e9 afin de pouvoir le signaler\n            <\/p>\n<p>                    Signaler<\/p>\n<p>                        Fermeture des commentaires<\/p>\n<p>Ch\u00e8res lectrices, chers lecteurs,<\/p>\n<p>\n        Vos avis sont pr\u00e9cieux pour faire vivre l&rsquo;actualit\u00e9 sur Orange.fr.<br \/>\n        Nous tenions cependant \u00e0 vous informer que l&rsquo;espace \u00ab commentaires \u00bb<br \/>\n        de nos articles sera suspendu \u00e0 partir du 29 septembre 2026.<br \/>\n        La lecture et la publication de messages ne seront plus possibles.<br \/>\n        Mais rassurez-vous, nos \u00e9quipes sont mobilis\u00e9es pour tenter de r\u00e9tablir cette fonctionnalit\u00e9.\n    <\/p>\n<p>\n        Bien entendu, vous pourrez continuer \u00e0 profiter de l&rsquo;ensemble de vos articles habituels.\n    <\/p>\n<p>\n        Nous vous remercions chaleureusement pour votre fid\u00e9lit\u00e9 et votre compr\u00e9hension.\n    <\/p>\n<p class=\"mb-0\">L\u2019\u00e9quipe \u00e9ditoriale Orange<\/p>\n","protected":false},"excerpt":{"rendered":"Cet apr\u00e8s-midi, le chanteur Julien Dor\u00e9 a livr\u00e9 une performance haute en couleurs sur la sc\u00e8ne de la&hellip;\n","protected":false},"author":2,"featured_media":1171404,"comment_status":"","ping_status":"","sticky":false,"template":"","format":"standard","meta":{"footnotes":"","_share_on_mastodon":"0"},"categories":[1888],"tags":[1111,1928,11,1927,1777,674,1011,27,12,1926,626,1925,25],"class_list":["post-1171403","post","type-post","status-publish","format-standard","has-post-thumbnail","category-paris","tag-actu","tag-actu-paris","tag-actualites","tag-actualites-paris","tag-eu","tag-europe","tag-fr","tag-france","tag-news","tag-news-paris","tag-paris","tag-paris-news","tag-republique-francaise"],"share_on_mastodon":{"url":"https:\/\/pubeurope.com\/@fr\/117225719366252808","error":""},"_links":{"self":[{"href":"https:\/\/www.europesays.com\/fr\/wp-json\/wp\/v2\/posts\/1171403","targetHints":{"allow":["GET"]}}],"collection":[{"href":"https:\/\/www.europesays.com\/fr\/wp-json\/wp\/v2\/posts"}],"about":[{"href":"https:\/\/www.europesays.com\/fr\/wp-json\/wp\/v2\/types\/post"}],"author":[{"embeddable":true,"href":"https:\/\/www.europesays.com\/fr\/wp-json\/wp\/v2\/users\/2"}],"replies":[{"embeddable":true,"href":"https:\/\/www.europesays.com\/fr\/wp-json\/wp\/v2\/comments?post=1171403"}],"version-history":[{"count":0,"href":"https:\/\/www.europesays.com\/fr\/wp-json\/wp\/v2\/posts\/1171403\/revisions"}],"wp:featuredmedia":[{"embeddable":true,"href":"https:\/\/www.europesays.com\/fr\/wp-json\/wp\/v2\/media\/1171404"}],"wp:attachment":[{"href":"https:\/\/www.europesays.com\/fr\/wp-json\/wp\/v2\/media?parent=1171403"}],"wp:term":[{"taxonomy":"category","embeddable":true,"href":"https:\/\/www.europesays.com\/fr\/wp-json\/wp\/v2\/categories?post=1171403"},{"taxonomy":"post_tag","embeddable":true,"href":"https:\/\/www.europesays.com\/fr\/wp-json\/wp\/v2\/tags?post=1171403"}],"curies":[{"name":"wp","href":"https:\/\/api.w.org\/{rel}","templated":true}]}}