{"id":1171405,"date":"2026-09-06T19:21:38","date_gmt":"2026-09-06T19:21:38","guid":{"rendered":"https:\/\/www.europesays.com\/fr\/1171405\/"},"modified":"2026-09-06T19:21:38","modified_gmt":"2026-09-06T19:21:38","slug":"mma-ufc-paris-5-parnasse-le-nouveau-roi-de-paris-sports","status":"publish","type":"post","link":"https:\/\/www.europesays.com\/fr\/1171405\/","title":{"rendered":"MMA &#8211; UFC Paris 5 : Parnasse, le nouveau \u00ab roi de Paris \u00bb : Sports"},"content":{"rendered":"<p class=\"date\">\n                                                            Guillaume Marion, Media365 : publi\u00e9 le dimanche 06 septembre 2026 \u00e0 15h30\n                                                    <\/p>\n<p><strong>Alors qu&rsquo;il faisait ses grands d\u00e9buts \u00e0 l&rsquo;UFC samedi soir \u00e0 Paris, Salahdine Parnasse a brill\u00e9 en battant l&rsquo;Australien Dan Hooker. D\u00e9sormais, le Fran\u00e7ais ne compte pas s&rsquo;arr\u00eater en si bon chemin.<\/strong><\/p>\n<p>Apr\u00e8s s&rsquo;\u00eatre fait un nom en KSW ces derni\u00e8res ann\u00e9es, Salahdine Parnasse a franchi un nouveau cap dans sa carri\u00e8re. En effet, samedi soir, le Fran\u00e7ais faisait ses d\u00e9buts \u00e0 l&rsquo;UFC&#8230; \u00e0 Paris. Pour l&rsquo;occasion, le combat du natif d&rsquo;Aubervilliers \u00e0 l&rsquo;Accor Arena \u00e9tait le main event de la soir\u00e9e. <strong>Oppos\u00e9 \u00e0 l&rsquo;Australien Dan Hooker, Parnasse a brill\u00e9 en s&rsquo;imposant rapidement et avec la mani\u00e8re (par TKO d\u00e8s le premier round).<\/strong><\/p>\n<p>Alors que sa carri\u00e8re devrait d\u00e9sormais faire un gros bond en avant, et peut-\u00eatre de l&rsquo;autre c\u00f4t\u00e9 de l&rsquo;oc\u00e9an Atlantique, le Fran\u00e7ais est revenu sur sa tr\u00e8s belle victoire qui a ravi un public acquis \u00e0 sa cause.\u00a0\u00ab <strong>J&rsquo;ai toujours dit que je faisais partie des meilleurs combattants. Moi, je le sais. Apr\u00e8s, ce que disent les gens, je m&rsquo;en fous un peu.<\/strong> Dans mon \u00e9quipe, on savait que j&rsquo;avais le niveau \u00bb, a-t-il notamment reconnu.<\/p>\n<p><strong>Parnasse veut d\u00e9sormais d\u00e9fier Holloway<\/strong><\/p>\n<p>\u00ab <strong>On est \u00e0 la maison, on est \u00e0 Paris. Il faut montrer qui c&rsquo;est, le roi de Paris. Et l\u00e0, je l&rsquo;ai montr\u00e9 avec un beau K.-O.<\/strong> \u00bb, a \u00e9galement expliqu\u00e9 ce dernier, en conf\u00e9rence de presse. \u00ab Je suis content, sur mon petit nuage, le travail paye. Je crois en mes capacit\u00e9s. je ne cherche pas \u00e0 finir le combat le plus rapidement possible, c&rsquo;est juste que je travaille dur \u00bb, avait-il d\u00e9clar\u00e9 juste avant au micro de RMC Sport.<\/p>\n<p>\u00ab Je vais repartir direct au travail, demain (dimanche) tu me vois courir. Ou peut-\u00eatre lundi, que je profite un peu avec ma femme et ma fille demain&#8230; (&#8230;) La suite ? <strong>Max Holloway est une l\u00e9gende. Il a \u00e9t\u00e9 champion en -66 kg. J&rsquo;ai \u00e9t\u00e9 fan de lui. J&rsquo;aimerais bien l&rsquo;affronter pour me challenger un petit peu.<\/strong> En plus il a un bon cardio. On va voir qui a le meilleur cardio \u00bb, avait-il aussi confi\u00e9. Affaire \u00e0 suivre&#8230; mais Dana White, la patron de l&rsquo;UFC, peut s&rsquo;en frotter les mains.<\/p>\n","protected":false},"excerpt":{"rendered":"Guillaume Marion, Media365 : publi\u00e9 le dimanche 06 septembre 2026 \u00e0 15h30 Alors qu&rsquo;il faisait ses grands d\u00e9buts&hellip;\n","protected":false},"author":2,"featured_media":1171406,"comment_status":"","ping_status":"","sticky":false,"template":"","format":"standard","meta":{"footnotes":"","_share_on_mastodon":"0"},"categories":[1888],"tags":[1111,1928,11,1927,1777,674,1011,27,12,1926,626,1925,25],"class_list":["post-1171405","post","type-post","status-publish","format-standard","has-post-thumbnail","category-paris","tag-actu","tag-actu-paris","tag-actualites","tag-actualites-paris","tag-eu","tag-europe","tag-fr","tag-france","tag-news","tag-news-paris","tag-paris","tag-paris-news","tag-republique-francaise"],"share_on_mastodon":{"url":"https:\/\/pubeurope.com\/@fr\/117225723531744914","error":""},"_links":{"self":[{"href":"https:\/\/www.europesays.com\/fr\/wp-json\/wp\/v2\/posts\/1171405","targetHints":{"allow":["GET"]}}],"collection":[{"href":"https:\/\/www.europesays.com\/fr\/wp-json\/wp\/v2\/posts"}],"about":[{"href":"https:\/\/www.europesays.com\/fr\/wp-json\/wp\/v2\/types\/post"}],"author":[{"embeddable":true,"href":"https:\/\/www.europesays.com\/fr\/wp-json\/wp\/v2\/users\/2"}],"replies":[{"embeddable":true,"href":"https:\/\/www.europesays.com\/fr\/wp-json\/wp\/v2\/comments?post=1171405"}],"version-history":[{"count":0,"href":"https:\/\/www.europesays.com\/fr\/wp-json\/wp\/v2\/posts\/1171405\/revisions"}],"wp:featuredmedia":[{"embeddable":true,"href":"https:\/\/www.europesays.com\/fr\/wp-json\/wp\/v2\/media\/1171406"}],"wp:attachment":[{"href":"https:\/\/www.europesays.com\/fr\/wp-json\/wp\/v2\/media?parent=1171405"}],"wp:term":[{"taxonomy":"category","embeddable":true,"href":"https:\/\/www.europesays.com\/fr\/wp-json\/wp\/v2\/categories?post=1171405"},{"taxonomy":"post_tag","embeddable":true,"href":"https:\/\/www.europesays.com\/fr\/wp-json\/wp\/v2\/tags?post=1171405"}],"curies":[{"name":"wp","href":"https:\/\/api.w.org\/{rel}","templated":true}]}}