{"id":1171407,"date":"2026-09-06T19:23:21","date_gmt":"2026-09-06T19:23:21","guid":{"rendered":"https:\/\/www.europesays.com\/fr\/1171407\/"},"modified":"2026-09-06T19:23:21","modified_gmt":"2026-09-06T19:23:21","slug":"une-journee-dans-lunivers-floral-de-chloe","status":"publish","type":"post","link":"https:\/\/www.europesays.com\/fr\/1171407\/","title":{"rendered":"Une journ\u00e9e dans l\u2019univers floral de Chlo\u00e9"},"content":{"rendered":"<p class=\"isSelectedEnd\" style=\"text-align: center;\"><strong>Le 9 septembre, Chlo\u00e9 Parfums et Nocib\u00e9 investissent La Patate Douce, dans le 3e arrondissement, pour une exp\u00e9rience o\u00f9 les sens se r\u00e9pondent. Entre effluves florales, accords gourmands et d\u00e9couverte de Chlo\u00e9 Le Nectar, la Maison imagine une parenth\u00e8se parisienne aussi d\u00e9licate qu\u2019olfactive.<\/strong><\/p>\n<p><img loading=\"lazy\" data-lazyloaded=\"1\" decoding=\"async\" class=\"size-medium wp-image-65633 alignleft\" src=\"https:\/\/www.europesays.com\/fr\/wp-content\/uploads\/2026\/09\/CHLOE-Le-Nectar-lifestyle-3-169x300.png\" alt=\"\" width=\"169\" height=\"300\"  data-\/><\/p>\n<p class=\"isSelectedEnd\">\u00c0 quelques pas de l\u2019agitation parisienne, l\u2019atmosph\u00e8re change. Les effluves d\u2019un coffee shop se m\u00ealent progressivement \u00e0 celles d\u2019une fragrance fra\u00eechement vaporis\u00e9e. Sur les tables, les gourmandises c\u00f4toient les signatures de la Maison Chlo\u00e9. Pendant quelques heures, le quotidien laisse place \u00e0 une exp\u00e9rience pens\u00e9e autour du go\u00fbt, du parfum et du plaisir de la d\u00e9couverte.<\/p>\n<p class=\"isSelectedEnd\">C\u2019est dans ce d\u00e9cor chaleureux que Chlo\u00e9 Parfums, en collaboration avec Nocib\u00e9, pr\u00e9sente <strong>Chlo\u00e9 Le Nectar<\/strong>, sa nouvelle cr\u00e9ation olfactive. Imagin\u00e9 par le parfumeur Romain Almairac, le parfum d\u00e9voile une composition florale et g\u00e9n\u00e9reuse, o\u00f9 la bergamote laisse progressivement place au n\u00e9roli, \u00e0 la fleur d\u2019oranger et \u00e0 la rose, avant de s\u2019\u00e9panouir sur un fond plus enveloppant de tonka, d\u2019ambre et de patchouli.<\/p>\n<p><img data-lazyloaded=\"1\" loading=\"lazy\" decoding=\"async\" class=\"size-medium wp-image-65634 alignright\" src=\"https:\/\/www.europesays.com\/fr\/wp-content\/uploads\/2026\/09\/CHLOE-Pop-up-Nocibe-x-Le-Nectar-Sept-2026-200x300.jpg\" alt=\"\" width=\"200\" height=\"300\"  data-\/><\/p>\n<p class=\"isSelectedEnd\">Ici, le parfum ne se contente pas de se sentir. Il se raconte, se partage et s\u2019associe \u00e0 d\u2019autres sensations. Le choix d\u2019un coffee shop n\u2019a rien d\u2019anodin : il permet de cr\u00e9er un dialogue entre les plaisirs de la table et ceux de l\u2019olfaction, entre la gourmandise imm\u00e9diate et le souvenir plus intime que peut laisser une fragrance.<\/p>\n<p class=\"isSelectedEnd\">Au fil de la journ\u00e9e, les visiteurs sont invit\u00e9s \u00e0 d\u00e9couvrir Le Nectar et repartent avec un \u00e9chantillon, comme une invitation \u00e0 prolonger l\u2019exp\u00e9rience au-del\u00e0 de cette adresse \u00e9ph\u00e9m\u00e8re. Une fa\u00e7on pour Chlo\u00e9 de faire entrer son univers dans le quotidien, avec cette \u00e9l\u00e9gance discr\u00e8te qui caract\u00e9rise la Maison.<\/p>\n<p style=\"text-align: center;\">Pendant quelques heures seulement, Paris devient ainsi le th\u00e9\u00e2tre d\u2019une rencontre inattendue : celle d\u2019un parfum floral et lumineux avec l\u2019univers r\u00e9confortant d\u2019un coffee shop. Une parenth\u00e8se sensorielle o\u00f9 l\u2019on vient peut-\u00eatre pour d\u00e9couvrir une nouvelle fragrance, mais o\u00f9 l\u2019on repart surtout avec une impression, une odeur, une image \u2014 et peut-\u00eatre d\u00e9j\u00e0 un souvenir.<\/p>\n","protected":false},"excerpt":{"rendered":"Le 9 septembre, Chlo\u00e9 Parfums et Nocib\u00e9 investissent La Patate Douce, dans le 3e arrondissement, pour une exp\u00e9rience&hellip;\n","protected":false},"author":2,"featured_media":1171408,"comment_status":"","ping_status":"","sticky":false,"template":"","format":"standard","meta":{"footnotes":"","_share_on_mastodon":"0"},"categories":[1888],"tags":[11,121356,1777,674,1011,27,99465,99466,12,626,25],"class_list":["post-1171407","post","type-post","status-publish","format-standard","has-post-thumbnail","category-paris","tag-actualites","tag-chloe-parfums","tag-eu","tag-europe","tag-fr","tag-france","tag-janaina-pedroza-de-macedo","tag-luxe-papilles","tag-news","tag-paris","tag-republique-francaise"],"share_on_mastodon":{"url":"https:\/\/pubeurope.com\/@fr\/117225734098474781","error":""},"_links":{"self":[{"href":"https:\/\/www.europesays.com\/fr\/wp-json\/wp\/v2\/posts\/1171407","targetHints":{"allow":["GET"]}}],"collection":[{"href":"https:\/\/www.europesays.com\/fr\/wp-json\/wp\/v2\/posts"}],"about":[{"href":"https:\/\/www.europesays.com\/fr\/wp-json\/wp\/v2\/types\/post"}],"author":[{"embeddable":true,"href":"https:\/\/www.europesays.com\/fr\/wp-json\/wp\/v2\/users\/2"}],"replies":[{"embeddable":true,"href":"https:\/\/www.europesays.com\/fr\/wp-json\/wp\/v2\/comments?post=1171407"}],"version-history":[{"count":0,"href":"https:\/\/www.europesays.com\/fr\/wp-json\/wp\/v2\/posts\/1171407\/revisions"}],"wp:featuredmedia":[{"embeddable":true,"href":"https:\/\/www.europesays.com\/fr\/wp-json\/wp\/v2\/media\/1171408"}],"wp:attachment":[{"href":"https:\/\/www.europesays.com\/fr\/wp-json\/wp\/v2\/media?parent=1171407"}],"wp:term":[{"taxonomy":"category","embeddable":true,"href":"https:\/\/www.europesays.com\/fr\/wp-json\/wp\/v2\/categories?post=1171407"},{"taxonomy":"post_tag","embeddable":true,"href":"https:\/\/www.europesays.com\/fr\/wp-json\/wp\/v2\/tags?post=1171407"}],"curies":[{"name":"wp","href":"https:\/\/api.w.org\/{rel}","templated":true}]}}