{"id":1171446,"date":"2026-09-06T19:52:19","date_gmt":"2026-09-06T19:52:19","guid":{"rendered":"https:\/\/www.europesays.com\/fr\/1171446\/"},"modified":"2026-09-06T19:52:19","modified_gmt":"2026-09-06T19:52:19","slug":"loir-et-cher-le-groupe-feu-chatterton-a-fait-danser-montrichard","status":"publish","type":"post","link":"https:\/\/www.europesays.com\/fr\/1171446\/","title":{"rendered":"Loir-et-Cher : le groupe Feu ! Chatterton a fait danser Montrichard"},"content":{"rendered":"<p>Le soleil commen\u00e7ait \u00e0 d\u00e9cliner quand Feu\u00a0! Chatterton s\u2019est pr\u00e9sent\u00e9 face au public. Le c\u00e9l\u00e8bre groupe pop-rock <a title=\"Lien vers l&#039;article NR\" target=\"_self\" href=\"https:\/\/www.lanouvellerepublique.fr\/indre-et-loire\/commune\/charge\/dans-le-val-de-cher-le-6-septembre-2026-grande-viree-a-mobylettes-et-feu-chatterton-en-concert-1784907860\" rel=\"nofollow noopener\">s\u2019est produit \u00e0 Faverolles-sur-Cher<\/a>, \u00e0 deux pas de la plage de Montrichard-Val-de-Cher, dimanche 6\u00a0septembre, devant 2.500 personnes.<\/p>\n<p>Dans le sillage de son chanteur Arthur Teboul, mont\u00e9 sur ressort \u2013 il s&rsquo;est m\u00eame jet\u00e9 dans le public \u2013, Feu\u00a0! Chatterton a fait vibrer la foule au son de ses tubes Allons voir\u00a0ou Monde nouveau,\u00a0mais l\u2019a aussi \u00e9mue sur Mille vagues, titre d\u00e9di\u00e9 \u00e0 leur \u00ab\u00a0mentor\u00a0\u00bb, le producteur\u00a0Jean-Philippe Allard, d\u00e9c\u00e9d\u00e9 il y a deux ans. Une spectatrice plac\u00e9e au premier rang a m\u00eame eu l\u2019honneur de monter sur sc\u00e8ne pour interpr\u00e9ter Ce qu\u2019on devient avec le groupe.<\/p>\n<\/p>\n<p>Situ\u00e9e plus loin de la sc\u00e8ne, Cindy n\u2019en revenait toujours pas\u00a0: \u00ab\u00a0Je n\u2019y ai pas cru quand on m\u2019a dit que Feu\u00a0! Chatterton allait venir \u00e0 c\u00f4t\u00e9 de chez nous\u00a0\u00bb, expliquait cette habitante de Faverolles-sur-Cher, dont les deux enfants, Arthur et Antonin, f\u00eatent leurs 6\u00a0ans ce lundi. \u00ab\u00a0On est super fans et on les \u00e9coute tous les matins\u00a0!\u00a0\u00bb, souriaient les jumeaux, ravis de vivre leur \u00ab\u00a0premier concert\u00a0\u00bb.<\/p>\n<\/p>\n<p>Un public \u00ab\u00a0enthousiaste\u00a0\u00bb<\/p>\n<p>R\u00e9gisseur de l\u2019\u00e9v\u00e9nement, mais aussi de Feu\u00a0! Chatterton, Steve Gabrot a appr\u00e9ci\u00e9 \u00ab\u00a0l\u2019enthousiasme\u00a0des gens\u00a0\u00bb pour ce concert, qui a affich\u00e9 complet, et la balade \u00e0 mobylette qui a r\u00e9uni une centaine de nostalgiques \u00e0 travers la campagne, plus t\u00f4t dans la journ\u00e9e.<\/p>\n<p><img alt=\"Le public loir-et-ch\u00e9rien \u00e9tait au rendez-vous.\" loading=\"lazy\" width=\"980\" height=\"573\" decoding=\"async\" data-nimg=\"1\" class=\"img-responsive spinner-show \" style=\"color:transparent;background-size:cover;background-position:50% 50%;background-repeat:no-repeat;background-image:url(&quot;data:image\/svg+xml;charset=utf-8,%3Csvg xmlns='http:\/\/www.w3.org\/2000\/svg' viewBox='0 0 980 573'%3E%3Cfilter id='b' color-interpolation-filters='sRGB'%3E%3CfeGaussianBlur stdDeviation='20'\/%3E%3CfeColorMatrix values='1 0 0 0 0 0 1 0 0 0 0 0 1 0 0 0 0 0 100 -1' result='s'\/%3E%3CfeFlood x='0' y='0' width='100%25' height='100%25'\/%3E%3CfeComposite operator='out' in='s'\/%3E%3CfeComposite in2='SourceGraphic'\/%3E%3CfeGaussianBlur stdDeviation='20'\/%3E%3C\/filter%3E%3Cimage width='100%25' height='100%25' x='0' y='0' preserveAspectRatio='none' style='filter: url(%23b);' href='https:\/\/images.lanouvellerepublique.fr\/image\/upload\/t_88w\/f_auto\/6a9dbd077a65d995058b4592.jpg'\/%3E%3C\/svg%3E&quot;)\"   src=\"https:\/\/www.europesays.com\/fr\/wp-content\/uploads\/2026\/09\/6a9dbd077a65d995058b4592.jpg\"\/><\/p>\n<p style=\"background-color:#F2F2F2;padding:5px;margin-top:0px;margin-bottom:10px\">Le public loir-et-ch\u00e9rien \u00e9tait au rendez-vous.<br \/> \u00a9 (Photo NR, S\u00e9bastien Bussi\u00e8re)<\/p>\n<p>Ce membre du collectif Pad\u2019Non, bas\u00e9 dans le Sud Touraine, \u00ab\u00a0ne sait pas encore\u00a0\u00bb si la manifestation sera reconduite au m\u00eame endroit l\u2019an prochain. \u00ab\u00a0On va dig\u00e9rer tout \u00e7a et faire le point\u00a0\u00bb, explique-t-il, avant d\u2019ajouter que l\u2019\u00e9v\u00e9nement pourrait aussi devenir \u00ab\u00a0itin\u00e9rant\u00a0\u00bb.<\/p>\n","protected":false},"excerpt":{"rendered":"Le soleil commen\u00e7ait \u00e0 d\u00e9cliner quand Feu\u00a0! Chatterton s\u2019est pr\u00e9sent\u00e9 face au public. Le c\u00e9l\u00e8bre groupe pop-rock s\u2019est&hellip;\n","protected":false},"author":2,"featured_media":1171447,"comment_status":"","ping_status":"","sticky":false,"template":"","format":"standard","meta":{"footnotes":"","_share_on_mastodon":"0"},"categories":[1355],"tags":[1392,4156,58,59,1011,27,4368,1393,7069,1361,873,1698],"class_list":["post-1171446","post","type-post","status-publish","format-standard","has-post-thumbnail","category-musique","tag-a-la-une-local","tag-concerts","tag-divertissement","tag-entertainment","tag-fr","tag-france","tag-loir-et-cher","tag-loisirs","tag-montrichard-val-de-cher","tag-music","tag-musique","tag-musiques"],"share_on_mastodon":{"url":"https:\/\/pubeurope.com\/@fr\/117225846971726161","error":""},"_links":{"self":[{"href":"https:\/\/www.europesays.com\/fr\/wp-json\/wp\/v2\/posts\/1171446","targetHints":{"allow":["GET"]}}],"collection":[{"href":"https:\/\/www.europesays.com\/fr\/wp-json\/wp\/v2\/posts"}],"about":[{"href":"https:\/\/www.europesays.com\/fr\/wp-json\/wp\/v2\/types\/post"}],"author":[{"embeddable":true,"href":"https:\/\/www.europesays.com\/fr\/wp-json\/wp\/v2\/users\/2"}],"replies":[{"embeddable":true,"href":"https:\/\/www.europesays.com\/fr\/wp-json\/wp\/v2\/comments?post=1171446"}],"version-history":[{"count":0,"href":"https:\/\/www.europesays.com\/fr\/wp-json\/wp\/v2\/posts\/1171446\/revisions"}],"wp:featuredmedia":[{"embeddable":true,"href":"https:\/\/www.europesays.com\/fr\/wp-json\/wp\/v2\/media\/1171447"}],"wp:attachment":[{"href":"https:\/\/www.europesays.com\/fr\/wp-json\/wp\/v2\/media?parent=1171446"}],"wp:term":[{"taxonomy":"category","embeddable":true,"href":"https:\/\/www.europesays.com\/fr\/wp-json\/wp\/v2\/categories?post=1171446"},{"taxonomy":"post_tag","embeddable":true,"href":"https:\/\/www.europesays.com\/fr\/wp-json\/wp\/v2\/tags?post=1171446"}],"curies":[{"name":"wp","href":"https:\/\/api.w.org\/{rel}","templated":true}]}}