{"id":117146,"date":"2025-05-21T15:13:08","date_gmt":"2025-05-21T15:13:08","guid":{"rendered":"https:\/\/www.europesays.com\/fr\/117146\/"},"modified":"2025-05-21T15:13:08","modified_gmt":"2025-05-21T15:13:08","slug":"lacteur-raphael-quenard-bientot-en-dedicace-a-grenoble-pour-la-sortie-de-son-livre","status":"publish","type":"post","link":"https:\/\/www.europesays.com\/fr\/117146\/","title":{"rendered":"L\u2019acteur Rapha\u00ebl Quenard bient\u00f4t en d\u00e9dicace \u00e0 Grenoble pour la sortie de son livre"},"content":{"rendered":"<p itemprop=\"description\"><strong>Il est sur tous les fronts.<\/strong><\/p>\n<p>Acteur, r\u00e9alisateur et d\u00e9sormais \u00e9crivain, Rapha\u00ebl Quenard n\u2019en finit plus de faire parler de lui. Le natif d\u2019\u00c9chirolles, qui \u00e9tait au Festival de Cannes pour pr\u00e9senter son premier court m\u00e9trage intitul\u00e9 I Love Peru, a publi\u00e9 \u00e9galement son premier ouvrage. Depuis le 14 mai, \u00ab\u00a0Clamser \u00e0 Tataouine\u00a0\u00bb est disponible en librairie.<\/p>\n<p>Ce roman \u00e9voque la vie d\u2019un jeune marginal qui pr\u00e9f\u00e8re remettre la faute de son \u00e9chec sur la soci\u00e9t\u00e9 actuelle. Et pour se venger, le psychopathe va s\u2019immiscer dans toutes les classes sociales pour d\u00e9nicher chaque fois une figure repr\u00e9sentative de cette soci\u00e9t\u00e9 d\u00e9test\u00e9e et la tuer.<\/p>\n<p>Les fans de l\u2019acteur, et d\u00e9sormais auteur de 34 ans, pourront l\u2019approcher dans la librairie du Square, \u00e0 Grenoble, le 6 juin prochain de 19h \u00e0 20h30.<\/p>\n","protected":false},"excerpt":{"rendered":"Il est sur tous les fronts. Acteur, r\u00e9alisateur et d\u00e9sormais \u00e9crivain, Rapha\u00ebl Quenard n\u2019en finit plus de faire&hellip;\n","protected":false},"author":2,"featured_media":117147,"comment_status":"","ping_status":"","sticky":false,"template":"","format":"standard","meta":{"footnotes":""},"categories":[9566],"tags":[1111,11,7733,8279,2430,7736,650,7734,2889,2263,1777,674,1011,27,2731,8280,6417,1114,108,4662,12,3725,1825,25,7737],"class_list":{"0":"post-117146","1":"post","2":"type-post","3":"status-publish","4":"format-standard","5":"has-post-thumbnail","7":"category-grenoble","8":"tag-actu","9":"tag-actualites","10":"tag-alpes","11":"tag-alpes1","12":"tag-auvergne-rhone-alpes","13":"tag-cds","14":"tag-cinema","15":"tag-ecoute","16":"tag-emission","17":"tag-equipe","18":"tag-eu","19":"tag-europe","20":"tag-fr","21":"tag-france","22":"tag-grenoble","23":"tag-haute","24":"tag-information","25":"tag-infos","26":"tag-isere","27":"tag-journal","28":"tag-news","29":"tag-podcast","30":"tag-radio","31":"tag-republique-francaise","32":"tag-winamp"},"share_on_mastodon":{"url":"https:\/\/pubeurope.com\/@fr\/114546475489980153","error":""},"_links":{"self":[{"href":"https:\/\/www.europesays.com\/fr\/wp-json\/wp\/v2\/posts\/117146","targetHints":{"allow":["GET"]}}],"collection":[{"href":"https:\/\/www.europesays.com\/fr\/wp-json\/wp\/v2\/posts"}],"about":[{"href":"https:\/\/www.europesays.com\/fr\/wp-json\/wp\/v2\/types\/post"}],"author":[{"embeddable":true,"href":"https:\/\/www.europesays.com\/fr\/wp-json\/wp\/v2\/users\/2"}],"replies":[{"embeddable":true,"href":"https:\/\/www.europesays.com\/fr\/wp-json\/wp\/v2\/comments?post=117146"}],"version-history":[{"count":0,"href":"https:\/\/www.europesays.com\/fr\/wp-json\/wp\/v2\/posts\/117146\/revisions"}],"wp:featuredmedia":[{"embeddable":true,"href":"https:\/\/www.europesays.com\/fr\/wp-json\/wp\/v2\/media\/117147"}],"wp:attachment":[{"href":"https:\/\/www.europesays.com\/fr\/wp-json\/wp\/v2\/media?parent=117146"}],"wp:term":[{"taxonomy":"category","embeddable":true,"href":"https:\/\/www.europesays.com\/fr\/wp-json\/wp\/v2\/categories?post=117146"},{"taxonomy":"post_tag","embeddable":true,"href":"https:\/\/www.europesays.com\/fr\/wp-json\/wp\/v2\/tags?post=117146"}],"curies":[{"name":"wp","href":"https:\/\/api.w.org\/{rel}","templated":true}]}}