{"id":117148,"date":"2025-05-21T15:14:18","date_gmt":"2025-05-21T15:14:18","guid":{"rendered":"https:\/\/www.europesays.com\/fr\/117148\/"},"modified":"2025-05-21T15:14:18","modified_gmt":"2025-05-21T15:14:18","slug":"grenoble-victime-de-son-succes-cette-aide-financiere-est-suspendue-plus-tot-que-prevu","status":"publish","type":"post","link":"https:\/\/www.europesays.com\/fr\/117148\/","title":{"rendered":"Grenoble. \u00ab\u00a0Victime de son succ\u00e8s\u00a0\u00bb, cette aide financi\u00e8re est suspendue plus t\u00f4t que pr\u00e9vu"},"content":{"rendered":"<p>            Par<br \/>\n        <strong><br \/>\n            <a href=\"https:\/\/actu.fr\/auteur\/lisa-rodrigues\" title=\"Consulter tous les articles de Lisa Rodrigues\" target=\"_blank\" rel=\"noopener\">Lisa Rodrigues<\/a><br \/>\n        <\/strong><\/p>\n<p>        Publi\u00e9 le<\/p>\n<p>            21 mai 2025 \u00e0 16h07        <\/p>\n<p>\u00ab\u00a0Le dispositif d\u2019aide \u00e0 l\u2019achat de v\u00e9lo est victime de son succ\u00e8s !\u00a0\u00bb C\u2019est par cette phrase que les Grenoblois souhaitant b\u00e9n\u00e9ficier d\u2019une <strong>aide financi\u00e8re pour acheter un v\u00e9lo<\/strong> sont accueillis sur le site du SMMAG (Syndicat mixte des mobilit\u00e9s de l\u2019aire grenobloise) depuis quelques jours.<\/p>\n<p class=\" wall-content\">En cause : les fonds allou\u00e9s pour financer cette aide ont \u00e9t\u00e9 <strong>compl\u00e8tement \u00e9puis\u00e9s<\/strong>. \u00ab\u00a0Cette aide est pour le moment suspendue\u00a0\u00bb, pr\u00e9cise <a href=\"https:\/\/actu.fr\/tag\/grenoble-alpes-metropole\" target=\"_blank\" rel=\"noopener\">Grenoble-Alpes M\u00e9tropole<\/a> \u00e0 la r\u00e9daction, qui parle d\u2019un \u00ab\u00a0succ\u00e8s\u00a0\u00bb du dispositif. \u00ab\u00a0Les coupons encore en cours de validit\u00e9 seront trait\u00e9s tr\u00e8s prochainement.\u00a0\u00bb<\/p>\n<p>4,2 millions d\u2019euros sur trois ans<\/p>\n<p class=\" wall-content\">Cette aide financi\u00e8re, ouverte aux habitants de la M\u00e9tropole et du Gr\u00e9sivaudan sous conditions de revenus, est propos\u00e9e par la M\u00e9tropole et le SMMAG depuis octobre 2023 et doit s\u2019\u00e9tendre jusqu\u2019en septembre 2026.<\/p>\n<p class=\" wall-content\">\u00ab\u00a0\u00c0 ce jour, <strong>5 400 v\u00e9los<\/strong> ont \u00e9t\u00e9 achet\u00e9s gr\u00e2ce \u00e0 l\u2019aide de la M\u00e9tropole et du SMMAG pour un montant total de 4,2 millions d\u2019euros\u00a0\u00bb, indiquent les services de Grenoble-Alpes M\u00e9tropole.<\/p>\n<p class=\" wall-content\">Si la suspension du dispositif \u00e0 l\u2019achat d\u2019un v\u00e9lo \u2013 qui peut monter <strong>jusqu\u2019\u00e0 1 000 euros<\/strong> en fonction des mod\u00e8les -, il est pr\u00e9cis\u00e9 que \u00ab\u00a0l\u2019enveloppe devrait \u00eatre rallong\u00e9e d\u2019ici la fin de l\u2019ann\u00e9e pour continuer \u00e0 accompagner le changement de mobilit\u00e9s\u00a0\u00bb.<\/p>\n<p>Vid\u00e9os : en ce moment sur ActuUn allongement du r\u00e9seau cyclable<\/p>\n<p class=\" wall-content\">L\u2019aide \u00e0 l\u2019achat de v\u00e9lo accompagne le d\u00e9ploiement progressif du r\u00e9seau cyclable \u00e0 travers le territoire, notamment <a href=\"https:\/\/actu.fr\/auvergne-rhone-alpes\/grenoble_38185\/grenoble-les-travaux-polemiques-de-la-chronovelo-de-berriat-vont-debuter-voici-quand_61395554.html\" target=\"_blank\" rel=\"noopener\">la Chronov\u00e9lo<\/a> qui revendique actuellement <strong>plus de 40 km<\/strong> de pistes.\u00a0<\/p>\n<p class=\" wall-content\">Des chantiers d\u2019agrandissement sont en cours, notamment du c\u00f4t\u00e9 de <a href=\"https:\/\/actu.fr\/auvergne-rhone-alpes\/fontaine_38169\" target=\"_blank\" rel=\"noopener\">Fontaine<\/a> o\u00f9 une partie de l\u2019avenue du Vercors va \u00eatre \u00e9quip\u00e9e d\u2019ici fin 2025.\u00a0<\/p>\n<p class=\" wall-content\">Depuis le d\u00e9but de l\u2019ann\u00e9e 2025, selon le <a href=\"https:\/\/data.eco-counter.com\/ParcPublic\/?id=120\" target=\"_blank\" rel=\"noopener\">d\u00e9compte des bornes<\/a> du SMMAG, <strong>plus de 5,4 millions de passages \u00e0 v\u00e9los<\/strong> ont \u00e9t\u00e9 comptabilis\u00e9s sur l\u2019ensemble du territoire de la M\u00e9tropole, du Voironnais et du Gr\u00e9sivaudan.<\/p>\n<p class=\" wall-content\">Suivez toute l\u2019actualit\u00e9 de vos villes et m\u00e9dias favoris en vous inscrivant \u00e0 <a href=\"https:\/\/moncompte.actu.fr\" title=\"D\u00e9couvez Mon Actu\" rel=\"nofollow noopener\" data-trk=\"{&quot;cta&quot;:{&quot;action&quot;:&quot;https:\\\/\\\/moncompte.actu.fr&quot;,&quot;category&quot;:&quot;mon compte&quot;,&quot;from&quot;:&quot;article footer&quot;,&quot;name&quot;:&quot;Mon actu&quot;,&quot;type&quot;:&quot;cta&quot;}}\" target=\"_blank\">Mon Actu<\/a>.<\/p>\n","protected":false},"excerpt":{"rendered":"Par Lisa Rodrigues Publi\u00e9 le 21 mai 2025 \u00e0 16h07 \u00ab\u00a0Le dispositif d\u2019aide \u00e0 l\u2019achat de v\u00e9lo est&hellip;\n","protected":false},"author":2,"featured_media":117149,"comment_status":"","ping_status":"","sticky":false,"template":"","format":"standard","meta":{"footnotes":""},"categories":[9566],"tags":[1111,11,2430,1777,674,1011,27,2731,19692,12,25,104,8194,208],"class_list":{"0":"post-117148","1":"post","2":"type-post","3":"status-publish","4":"format-standard","5":"has-post-thumbnail","7":"category-grenoble","8":"tag-actu","9":"tag-actualites","10":"tag-auvergne-rhone-alpes","11":"tag-eu","12":"tag-europe","13":"tag-fr","14":"tag-france","15":"tag-grenoble","16":"tag-grenoble-alpes-metropole","17":"tag-news","18":"tag-republique-francaise","19":"tag-societe","20":"tag-transport-de-lagglomeration-grenobloise-tag","21":"tag-velo"},"share_on_mastodon":{"url":"https:\/\/pubeurope.com\/@fr\/114546479144304021","error":""},"_links":{"self":[{"href":"https:\/\/www.europesays.com\/fr\/wp-json\/wp\/v2\/posts\/117148","targetHints":{"allow":["GET"]}}],"collection":[{"href":"https:\/\/www.europesays.com\/fr\/wp-json\/wp\/v2\/posts"}],"about":[{"href":"https:\/\/www.europesays.com\/fr\/wp-json\/wp\/v2\/types\/post"}],"author":[{"embeddable":true,"href":"https:\/\/www.europesays.com\/fr\/wp-json\/wp\/v2\/users\/2"}],"replies":[{"embeddable":true,"href":"https:\/\/www.europesays.com\/fr\/wp-json\/wp\/v2\/comments?post=117148"}],"version-history":[{"count":0,"href":"https:\/\/www.europesays.com\/fr\/wp-json\/wp\/v2\/posts\/117148\/revisions"}],"wp:featuredmedia":[{"embeddable":true,"href":"https:\/\/www.europesays.com\/fr\/wp-json\/wp\/v2\/media\/117149"}],"wp:attachment":[{"href":"https:\/\/www.europesays.com\/fr\/wp-json\/wp\/v2\/media?parent=117148"}],"wp:term":[{"taxonomy":"category","embeddable":true,"href":"https:\/\/www.europesays.com\/fr\/wp-json\/wp\/v2\/categories?post=117148"},{"taxonomy":"post_tag","embeddable":true,"href":"https:\/\/www.europesays.com\/fr\/wp-json\/wp\/v2\/tags?post=117148"}],"curies":[{"name":"wp","href":"https:\/\/api.w.org\/{rel}","templated":true}]}}