{"id":117154,"date":"2025-05-21T15:17:10","date_gmt":"2025-05-21T15:17:10","guid":{"rendered":"https:\/\/www.europesays.com\/fr\/117154\/"},"modified":"2025-05-21T15:17:10","modified_gmt":"2025-05-21T15:17:10","slug":"mon-nouveau-spectacle-se-veut-plus-puissant-plus-intensif","status":"publish","type":"post","link":"https:\/\/www.europesays.com\/fr\/117154\/","title":{"rendered":"\u00ab\u00a0Mon nouveau spectacle se veut plus puissant, plus intensif\u00a0\u00bb"},"content":{"rendered":"<blockquote class=\"question\"><p>Maxime De Paola, qui \u00eates-vous\u00a0?<\/p><\/blockquote>\n<p>Apr\u00e8s avoir \u00e9t\u00e9 fascin\u00e9 par l\u2019hypnose, en participant, \u00e0 20 ans, \u00e0 <a href=\"https:\/\/www.dna.fr\/edition-de-strasbourg\/2015\/06\/27\/le-zenith-fascine\" target=\"_blank\" rel=\"noopener\">un spectacle de Messmer, en 2015 \u00e0 Strasbourg<\/a> , j\u2019ai suivi une formation \u00e0 distance, par le biais d\u2019une \u00e9cole d\u2019hypnose situ\u00e9e \u00e0 Toronto. J\u2019ai ensuite test\u00e9 mes capacit\u00e9s, dans la rue, avec des passants, pour finalement pr\u00e9senter mon premier spectacle <a href=\"https:\/\/www.dna.fr\/culture-loisirs\/2024\/04\/20\/l-hypnose-une-experience-captivante\" target=\"_blank\" rel=\"noopener\">\u00ab\u00a0La Pause Hypnose\u00a0\u00bb de\u00a02021 \u00e0\u00a02024<\/a> avec un passage au PMC \u00e0 Strasbourg. \u00ab\u00a0Perception\u00a0\u00bb est le nouveau spectacle que je pr\u00e9senterai samedi 24\u00a0mai \u00e0 Mundolsheim.<\/p>\n<p>Ce contenu est bloqu\u00e9 car vous n&rsquo;avez pas accept\u00e9 les cookies et autres traceurs.<\/p>\n<p>En cliquant sur \u00ab J\u2019accepte \u00bb, les cookies et autres traceurs seront d\u00e9pos\u00e9s et vous pourrez visualiser les contenus  (<a href=\"\" class=\"consentModule_policy\" target=\"_blank\" title=\"Consulter la politique de protection des donn\u00e9es du fournisseur\">plus d&rsquo;informations<\/a>).<\/p>\n<p>En cliquant sur \u00ab J\u2019accepte tous les cookies \u00bb, vous autorisez des d\u00e9p\u00f4ts de cookies et autres traceurs pour le stockage de vos donn\u00e9es sur nos sites et applications \u00e0 des fins de personnalisation et de ciblage publicitaire.<\/p>\n<p class=\"consentModule_secondaryText\">Vous gardez la possibilit\u00e9 de retirer votre consentement \u00e0 tout moment en consultant notre <a href=\"https:\/\/www.dna.fr\/protection-des-donnees\" target=\"_blank\" title=\"Consulter notre politique de protection des donn\u00e9es\" rel=\"noopener\">politique de protection des donn\u00e9es<\/a>. <br \/>&#13;<br \/>\n            <a href=\"https:\/\/www.dna.fr\/culture-loisirs\/2025\/05\/21\/javascript:Didomi.notice.show()\" class=\"consentModule_cmp\" target=\"_blank\" rel=\"noopener\">G\u00e9rer mes choix<\/a>&#13;\n        <\/p>\n<p>&#13;<br \/>\n                        J&rsquo;accepte&#13;<br \/>\n            J&rsquo;accepte tous les cookies&#13;\n        <\/p>\n<blockquote class=\"question\"><p>Ce nouveau spectacle est-il une mont\u00e9e en gamme\u00a0?<\/p><\/blockquote>\n<p>Ce nouveau spectacle se veut plus puissant, plus intensif, avec l\u2019appui de deux assistants (son et lumi\u00e8re) et d\u2019un mat\u00e9riel plus important. Participant ou simple spectateur, l\u2019ensemble du public vivra des exp\u00e9riences inoubliables comme une \u00e9trange excursion sur la lune, un spa loufoque ou encore un voyage dans le temps spectaculaire. Au cours de ce spectacle, j\u2019invite le public \u00e0 un p\u00e9riple aussi dr\u00f4le qu\u2019inattendu, transformant, l\u2019espace d\u2019un instant, sa perception de son environnement et de la r\u00e9alit\u00e9.<\/p>\n<blockquote class=\"question\"><p>Qu\u2019attendez-vous du public\u00a0?<\/p><\/blockquote>\n<p>Dans ce type de spectacle, le public a un r\u00f4le moteur. D\u00e8s le d\u00e9but, un test avec l\u2019ensemble du public me permettra de d\u00e9tecter les plus r\u00e9ceptifs pour inviter les volontaires \u00e0 participer au spectacle sur sc\u00e8ne. Tout le monde est r\u00e9ceptif, mais pas \u00e0 la m\u00eame vitesse. L\u2019enjeu majeur est cependant la capacit\u00e9 de l\u2019artiste \u00e0 instaurer un v\u00e9ritable moment de complicit\u00e9 avec l\u2019ensemble du public, \u00e0 s\u2019adapter en permanence aux personnes qui sont en sc\u00e8ne et aux \u00e9changes avec toute la salle. Cette adaptation permanente fait que ce show de deux heures et demie est toujours unique.<\/p>\n<p class=\"note\">\u00ab\u00a0Perception\u00a0\u00bb avec Maxime de Paola, centre culturel de Mundolsheim, 24, rue du G\u00e9n\u00e9ral-Leclerc, Mundolsheim. Samedi 24\u00a0mai \u00e0 20\u00a0h. Buvette sur place. Tarif plein\u00a0: 12\u00a0\u20ac &#8211; r\u00e9duit\u00a0: 6\u00a0\u20ac. Pr\u00e9vente en mairie ou r\u00e9servation par mail \u00e0 reservation@mundolsheim.fr jusqu\u2019au 22\u00a0mai. Billetterie sur place \u00e0 partir de 19\u00a0h.<\/p>\n","protected":false},"excerpt":{"rendered":"Maxime De Paola, qui \u00eates-vous\u00a0? Apr\u00e8s avoir \u00e9t\u00e9 fascin\u00e9 par l\u2019hypnose, en participant, \u00e0 20 ans, \u00e0 un&hellip;\n","protected":false},"author":2,"featured_media":117155,"comment_status":"","ping_status":"","sticky":false,"template":"","format":"standard","meta":{"footnotes":""},"categories":[2820],"tags":[1111,11,1687,2880,1777,674,107,1011,27,775,3264,12,25,3140,640,3265],"class_list":{"0":"post-117154","1":"post","2":"type-post","3":"status-publish","4":"format-standard","5":"has-post-thumbnail","7":"category-strasbourg","8":"tag-actu","9":"tag-actualites","10":"tag-culture-loisirs","11":"tag-edition-strasbourg","12":"tag-eu","13":"tag-europe","14":"tag-fil-info","15":"tag-fr","16":"tag-france","17":"tag-grand-est","18":"tag-mundolsheim","19":"tag-news","20":"tag-republique-francaise","21":"tag-spectacle","22":"tag-strasbourg","23":"tag-strasbourg-nord"},"share_on_mastodon":{"url":"https:\/\/pubeurope.com\/@fr\/114546490977121751","error":""},"_links":{"self":[{"href":"https:\/\/www.europesays.com\/fr\/wp-json\/wp\/v2\/posts\/117154","targetHints":{"allow":["GET"]}}],"collection":[{"href":"https:\/\/www.europesays.com\/fr\/wp-json\/wp\/v2\/posts"}],"about":[{"href":"https:\/\/www.europesays.com\/fr\/wp-json\/wp\/v2\/types\/post"}],"author":[{"embeddable":true,"href":"https:\/\/www.europesays.com\/fr\/wp-json\/wp\/v2\/users\/2"}],"replies":[{"embeddable":true,"href":"https:\/\/www.europesays.com\/fr\/wp-json\/wp\/v2\/comments?post=117154"}],"version-history":[{"count":0,"href":"https:\/\/www.europesays.com\/fr\/wp-json\/wp\/v2\/posts\/117154\/revisions"}],"wp:featuredmedia":[{"embeddable":true,"href":"https:\/\/www.europesays.com\/fr\/wp-json\/wp\/v2\/media\/117155"}],"wp:attachment":[{"href":"https:\/\/www.europesays.com\/fr\/wp-json\/wp\/v2\/media?parent=117154"}],"wp:term":[{"taxonomy":"category","embeddable":true,"href":"https:\/\/www.europesays.com\/fr\/wp-json\/wp\/v2\/categories?post=117154"},{"taxonomy":"post_tag","embeddable":true,"href":"https:\/\/www.europesays.com\/fr\/wp-json\/wp\/v2\/tags?post=117154"}],"curies":[{"name":"wp","href":"https:\/\/api.w.org\/{rel}","templated":true}]}}