{"id":117158,"date":"2025-05-21T15:19:10","date_gmt":"2025-05-21T15:19:10","guid":{"rendered":"https:\/\/www.europesays.com\/fr\/117158\/"},"modified":"2025-05-21T15:19:10","modified_gmt":"2025-05-21T15:19:10","slug":"jepostuleauchudenice-le-chu-de-nice-ouvre-ses-portes-aux-professionnels","status":"publish","type":"post","link":"https:\/\/www.europesays.com\/fr\/117158\/","title":{"rendered":"#JePostuleAuCHUdeNice : Le CHU de Nice ouvre ses portes aux professionnels (\u2026)"},"content":{"rendered":"<p>                    <img loading=\"lazy\" decoding=\"async\" src=\"https:\/\/www.europesays.com\/fr\/wp-content\/uploads\/2025\/05\/8568789f1fc74bbf8e17d12a3d13c3.png\" class=\"img-responsive post-image\" width=\"680\" height=\"510\" alt=\"#JePostuleAuCHUdeNice (\u2026)\" title=\"#JePostuleAuCHUdeNice : Le CHU de Nice ouvre ses portes aux professionnels de sant\u00e9 les 23 et 24 mai\"\/><\/p>\n<p class=\"chapo\">Le Centre Hospitalier Universitaire de Nice organise un grand salon du recrutement hospitalier les 23 et 24 mai, \u00e0 destination des professionnels de sant\u00e9, mais aussi des m\u00e9tiers techniques et administratifs du monde hospitalier. Cet \u00e9v\u00e9nement, plac\u00e9 sous le signe de l\u2019\u00e9change et de la d\u00e9couverte, a pour objectif de faire conna\u00eetre les nombreuses opportunit\u00e9s de carri\u00e8re qu\u2019offre l\u2019\u00e9tablissement.<\/p>\n<p>Le vendredi 23 mai, les visiteurs seront accueillis de 14h \u00e0 21h dans le <strong>hall Archet 2 <\/strong> de l\u2019H\u00f4pital de l\u2019Archet, situ\u00e9 au 151 route de Saint Antoine \u00e0 Nice. Le samedi 24 mai, c\u2019est au sein du<strong> Hall Pasteur 2, <\/strong> au 30 voie Romaine, que se poursuivra l\u2019\u00e9v\u00e9nement de 9h \u00e0 14h. Sur chaque site, des stands d\u2019information, des ateliers pratiques, des pr\u00e9sentations en amphith\u00e9\u00e2tre et des entretiens sur place avec les \u00e9quipes de recrutement permettront aux candidats d\u2019en apprendre davantage sur les missions, les services et les postes \u00e0 pourvoir.<br class=\"texte\"\/><br \/>\n<strong>Parmi les services repr\u00e9sent\u00e9s figurent les soins critiques, la r\u00e9\u00e9ducation, l\u2019h\u00e9matologie, la p\u00e9diatrie, l\u2019anesth\u00e9sie, la pneumologie et bien d\u2019autres secteurs-cl\u00e9s de l\u2019h\u00f4pital public.<\/strong> Les participants auront \u00e9galement la possibilit\u00e9, sur inscription, de visiter certains services, accompagn\u00e9s de professionnels en activit\u00e9.<\/p>\n<p>Cet \u00e9v\u00e9nement s\u2019inscrit dans une d\u00e9marche de valorisation des carri\u00e8res hospitali\u00e8res et d\u2019attractivit\u00e9 des m\u00e9tiers de sant\u00e9, dans un contexte o\u00f9 les besoins en personnel qualifi\u00e9 n\u2019ont jamais \u00e9t\u00e9 aussi cruciaux. Le CHU de Nice entend ainsi affirmer son r\u00f4le de moteur de l\u2019emploi local, tout en renfor\u00e7ant ses \u00e9quipes avec des profils motiv\u00e9s, curieux et engag\u00e9s.<br class=\"autobr\"\/><br \/>\nToutes les informations pratiques, ainsi que les liens d\u2019inscription pour les visites guid\u00e9es, sont disponibles en ligne. Que vous soyez soignant, technicien, ou cadre administratif, c\u2019est le moment id\u00e9al pour envisager une nouvelle \u00e9tape professionnelle au c\u0153ur d\u2019un des \u00e9tablissements hospitaliers majeurs de la r\u00e9gion.<\/p>\n<p><strong>Informations pratiques\u00a0:<\/strong><br class=\"autobr\"\/><br \/>\n<strong>Vendredi 23 mai 2025 (14h00 &#8211; 21h00)\u00a0: H\u00f4pital de l\u2019Archet<\/strong><br class=\"autobr\"\/><br \/>\nStands\u00a0: Hall Archet 2<br class=\"autobr\"\/><br \/>\nPr\u00e9sentations\u00a0: Amphith\u00e9\u00e2tre Archet 2, Niveau -3<br class=\"autobr\"\/><br \/>\n<a href=\"https:\/\/www.eventbrite.fr\/e\/1362810566089?aff=oddtdtcreator\" class=\"spip_out\" rel=\"external nofollow noopener\" target=\"_blank\">Inscription aux visites<\/a><br class=\"autobr\"\/><br \/>\n<strong>Samedi 24 mai 2025 (9h00 &#8211; 14h00)\u00a0: H\u00f4pital de Pasteur 2<\/strong><br class=\"autobr\"\/><br \/>\nStands\u00a0: Hall Pasteur 2<br class=\"autobr\"\/><br \/>\nPr\u00e9sentations\u00a0: Galet de Pasteur 2<br class=\"autobr\"\/><br \/>\n<a href=\"https:\/\/www.eventbrite.fr\/e\/1363202458249?aff=oddtdtcreator\" class=\"spip_out\" rel=\"external nofollow noopener\" target=\"_blank\">Inscription aux visites<\/a><\/p>\n<p>Visuelde Une \u00a9CHU de Nice (d\u00e9tail de l\u2019affiche de l\u2019\u00e9v\u00e9nement)<\/p>\n","protected":false},"excerpt":{"rendered":"Le Centre Hospitalier Universitaire de Nice organise un grand salon du recrutement hospitalier les 23 et 24 mai,&hellip;\n","protected":false},"author":2,"featured_media":117159,"comment_status":"","ping_status":"","sticky":false,"template":"","format":"standard","meta":{"footnotes":""},"categories":[2819],"tags":[1111,11,2408,1777,674,1011,27,12,2401,882,25],"class_list":{"0":"post-117158","1":"post","2":"type-post","3":"status-publish","4":"format-standard","5":"has-post-thumbnail","7":"category-nice","8":"tag-actu","9":"tag-actualites","10":"tag-appels-d","11":"tag-eu","12":"tag-europe","13":"tag-fr","14":"tag-france","15":"tag-news","16":"tag-nice","17":"tag-provence-alpes-cote-dazur","18":"tag-republique-francaise"},"share_on_mastodon":{"url":"https:\/\/pubeurope.com\/@fr\/114546499002818332","error":""},"_links":{"self":[{"href":"https:\/\/www.europesays.com\/fr\/wp-json\/wp\/v2\/posts\/117158","targetHints":{"allow":["GET"]}}],"collection":[{"href":"https:\/\/www.europesays.com\/fr\/wp-json\/wp\/v2\/posts"}],"about":[{"href":"https:\/\/www.europesays.com\/fr\/wp-json\/wp\/v2\/types\/post"}],"author":[{"embeddable":true,"href":"https:\/\/www.europesays.com\/fr\/wp-json\/wp\/v2\/users\/2"}],"replies":[{"embeddable":true,"href":"https:\/\/www.europesays.com\/fr\/wp-json\/wp\/v2\/comments?post=117158"}],"version-history":[{"count":0,"href":"https:\/\/www.europesays.com\/fr\/wp-json\/wp\/v2\/posts\/117158\/revisions"}],"wp:featuredmedia":[{"embeddable":true,"href":"https:\/\/www.europesays.com\/fr\/wp-json\/wp\/v2\/media\/117159"}],"wp:attachment":[{"href":"https:\/\/www.europesays.com\/fr\/wp-json\/wp\/v2\/media?parent=117158"}],"wp:term":[{"taxonomy":"category","embeddable":true,"href":"https:\/\/www.europesays.com\/fr\/wp-json\/wp\/v2\/categories?post=117158"},{"taxonomy":"post_tag","embeddable":true,"href":"https:\/\/www.europesays.com\/fr\/wp-json\/wp\/v2\/tags?post=117158"}],"curies":[{"name":"wp","href":"https:\/\/api.w.org\/{rel}","templated":true}]}}