{"id":117162,"date":"2025-05-21T15:22:12","date_gmt":"2025-05-21T15:22:12","guid":{"rendered":"https:\/\/www.europesays.com\/fr\/117162\/"},"modified":"2025-05-21T15:22:12","modified_gmt":"2025-05-21T15:22:12","slug":"il-y-a-25-ans-un-arbre-a-ete-plante-en-leur-honneur","status":"publish","type":"post","link":"https:\/\/www.europesays.com\/fr\/117162\/","title":{"rendered":"il y a 25 ans un arbre a \u00e9t\u00e9 plant\u00e9 en leur honneur"},"content":{"rendered":"<p>            Par<br \/>\n        <strong><br \/>\n            <a href=\"https:\/\/actu.fr\/auteur\/laure-gentil\" title=\"Consulter tous les articles de Laure Gentil\" rel=\"nofollow noopener\" target=\"_blank\">Laure Gentil<\/a><br \/>\n        <\/strong><\/p>\n<p>        Publi\u00e9 le<\/p>\n<p>            21 mai 2025 \u00e0 16h53        <\/p>\n<p>Il y a 25\u00a0ans, la Ville d\u2019Orvault a d\u00e9cid\u00e9 \u00ab\u2009de marquer l\u2019entr\u00e9e dans le <strong>nouveau mill\u00e9naire<\/strong>\u2009\u00bb en plantant un arbre pour chaque naissance dans une famille orvaltaise, cr\u00e9ant \u00ab\u2009le bois de l\u2019Avenir\u2009\u00bb.<\/p>\n<p class=\" wall-content\"><strong>Dimanche 29\u00a0juin, \u00e0 14h,<\/strong> \u00e0 l\u2019occasion de la F\u00eate de l\u2019environnement, la commune invite les \u00ab\u2009planteurs et les planteuses de l\u2019An 2000 \u00e0 se retrouver pour un moment convivial et de partage\u2009\u00bb dans ce bois.<\/p>\n<p>Il faut s\u2019inscrire<\/p>\n<p class=\" wall-content\">En tout, ils sont 250 \u00e0 avoir b\u00e9n\u00e9fici\u00e9 de ce geste symbolique. La municipalit\u00e9 recherche les 250\u00a0personnes.<\/p>\n<p class=\" wall-content\">Le bois de l\u2019Avenir est un <strong>espace naturel situ\u00e9 au c\u0153ur du bourg<\/strong> et \u00e0 l\u2019entr\u00e9e de la Vall\u00e9e du Cens. \u00ab\u2009On trouve d\u00e9sormais une trentaine d\u2019esp\u00e8ces telles que l\u2019\u00e9rable champ\u00eatre, le sycomore, le charme, le ch\u00eane, le ch\u00e2taignier, le h\u00eatre, l\u2019orme, le sorbier, le pin ou encore l\u2019if\u2009\u00bb, indique la Ville d\u2019Orvault.<\/p>\n<p class=\" wall-content\">Les 250\u00a0personnes sont invit\u00e9es \u00e0 s\u2019inscrire sur <a href=\"http:\/\/orvault.fr\" rel=\"nofollow noopener\" target=\"_blank\">orvault.fr.<\/a><\/p>\n<p class=\" wall-content\">Suivez toute l\u2019actualit\u00e9 de vos villes et m\u00e9dias favoris en vous inscrivant \u00e0 <a href=\"https:\/\/moncompte.actu.fr\" title=\"D\u00e9couvez Mon Actu\" rel=\"nofollow noopener\" data-trk=\"{&quot;cta&quot;:{&quot;action&quot;:&quot;https:\\\/\\\/moncompte.actu.fr&quot;,&quot;category&quot;:&quot;mon compte&quot;,&quot;from&quot;:&quot;article footer&quot;,&quot;name&quot;:&quot;Mon actu&quot;,&quot;type&quot;:&quot;cta&quot;}}\" target=\"_blank\">Mon Actu<\/a>.<\/p>\n","protected":false},"excerpt":{"rendered":"Par Laure Gentil Publi\u00e9 le 21 mai 2025 \u00e0 16h53 Il y a 25\u00a0ans, la Ville d\u2019Orvault a&hellip;\n","protected":false},"author":2,"featured_media":117163,"comment_status":"","ping_status":"","sticky":false,"template":"","format":"standard","meta":{"footnotes":""},"categories":[2818],"tags":[1111,11,1777,674,1011,27,1757,766,12,2636,25],"class_list":{"0":"post-117162","1":"post","2":"type-post","3":"status-publish","4":"format-standard","5":"has-post-thumbnail","7":"category-nantes","8":"tag-actu","9":"tag-actualites","10":"tag-eu","11":"tag-europe","12":"tag-fr","13":"tag-france","14":"tag-insolite","15":"tag-nantes","16":"tag-news","17":"tag-pays-de-la-loire","18":"tag-republique-francaise"},"share_on_mastodon":{"url":"https:\/\/pubeurope.com\/@fr\/114546510604131769","error":""},"_links":{"self":[{"href":"https:\/\/www.europesays.com\/fr\/wp-json\/wp\/v2\/posts\/117162","targetHints":{"allow":["GET"]}}],"collection":[{"href":"https:\/\/www.europesays.com\/fr\/wp-json\/wp\/v2\/posts"}],"about":[{"href":"https:\/\/www.europesays.com\/fr\/wp-json\/wp\/v2\/types\/post"}],"author":[{"embeddable":true,"href":"https:\/\/www.europesays.com\/fr\/wp-json\/wp\/v2\/users\/2"}],"replies":[{"embeddable":true,"href":"https:\/\/www.europesays.com\/fr\/wp-json\/wp\/v2\/comments?post=117162"}],"version-history":[{"count":0,"href":"https:\/\/www.europesays.com\/fr\/wp-json\/wp\/v2\/posts\/117162\/revisions"}],"wp:featuredmedia":[{"embeddable":true,"href":"https:\/\/www.europesays.com\/fr\/wp-json\/wp\/v2\/media\/117163"}],"wp:attachment":[{"href":"https:\/\/www.europesays.com\/fr\/wp-json\/wp\/v2\/media?parent=117162"}],"wp:term":[{"taxonomy":"category","embeddable":true,"href":"https:\/\/www.europesays.com\/fr\/wp-json\/wp\/v2\/categories?post=117162"},{"taxonomy":"post_tag","embeddable":true,"href":"https:\/\/www.europesays.com\/fr\/wp-json\/wp\/v2\/tags?post=117162"}],"curies":[{"name":"wp","href":"https:\/\/api.w.org\/{rel}","templated":true}]}}