{"id":117170,"date":"2025-05-21T15:26:10","date_gmt":"2025-05-21T15:26:10","guid":{"rendered":"https:\/\/www.europesays.com\/fr\/117170\/"},"modified":"2025-05-21T15:26:10","modified_gmt":"2025-05-21T15:26:10","slug":"ligne-c-du-metro-de-toulouse-une-piece-du-chantier-pesant-50-tonnes-tombe-sur-la-route-le-trafic-perturbe","status":"publish","type":"post","link":"https:\/\/www.europesays.com\/fr\/117170\/","title":{"rendered":"Ligne C du m\u00e9tro de Toulouse. Une pi\u00e8ce du chantier pesant 50 tonnes tombe sur la route, le trafic perturb\u00e9"},"content":{"rendered":"<p>            Par<br \/>\n        <strong><br \/>\n            <a href=\"https:\/\/actu.fr\/auteur\/mareva-laville-actu-fr\" title=\"Consulter tous les articles de Mar\u00e9va Laville\" target=\"_blank\" rel=\"noopener\">Mar\u00e9va Laville<\/a><br \/>\n        <\/strong><\/p>\n<p>        Publi\u00e9 le<\/p>\n<p>            21 mai 2025 \u00e0 17h02        <\/p>\n<p>Le convoi exceptionnel a vir\u00e9 \u00e0 l\u2019accident exceptionnel. Ce mercredi 21\u00a0mai 2025, un <strong>morceau du futur <a href=\"https:\/\/actu.fr\/occitanie\/labege_31254\/video-de-labege-a-ramonville-le-nouveau-viaduc-du-metro-de-toulouse-comme-vous-ne-l-avez-jamais-vu_62643564.html#:~:text=Depuis%20l&#039;automne%202024%20le,et%20l&#039;autoroute%20A%2061.\" target=\"_blank\" rel=\"noopener\">viaduc de Lab\u00e8ge<\/a><\/strong>, en cours de construction au sud de <a href=\"http:\/\/www.actu.fr\/toulouse\" target=\"_blank\" rel=\"noopener\">Toulouse<\/a> dans le cadre de l\u2019arriv\u00e9e de la <a href=\"https:\/\/actu.fr\/tag\/ligne-c-du-metro-de-toulouse\" target=\"_blank\" rel=\"noopener\">future ligne C du m\u00e9tro<\/a>, est <strong>tomb\u00e9 du camion<\/strong> qui le transportait. \u00ab\u00a0Il a bascul\u00e9 du porte-char sur lequel il \u00e9tait pos\u00e9\u00a0\u00bb, pr\u00e9cise Tiss\u00e9o.<\/p>\n<p>    <a href=\"https:\/\/www.google.com\/maps\/embed?pb=!1m18!1m12!1m3!1d1576.8545661929354!2d1.5102288021444237!3d43.53989691779085!2m3!1f0!2f0!3f0!3m2!1i1024!2i768!4f13.1!3m3!1m2!1s0x12aebe106ae8746f%3A0xf046425243566757!2zUGF0aMOpIExhYsOoZ2U!5e1!3m2!1sfr!2sfr!4v1747837934357!5m2!1sfr!2sfr\" title=\"Ouvrie le lien\" target=\"_blank\" rel=\"noopener\">Cliquez ici pour visualiser le contenu<\/a><\/p>\n<p>La pi\u00e8ce tombe du convoi exceptionnel<\/p>\n<p class=\" wall-content\">En fin de matin\u00e9e, vers 11h30, le voussoir qui devait int\u00e9grer le futur pont a <strong>chut\u00e9 sur la route d\u00e9partementale 916,<\/strong> au croisement avec la M\u00e9ridienne, tout pr\u00e8s du cin\u00e9ma Path\u00e9 Gaumont.<\/p>\n<p>    <a href=\"https:\/\/www.facebook.com\/plugins\/post.php?href=https%3A%2F%2Fwww.facebook.com%2Fgabor.bondor.5%2Fposts%2Fpfbid0sKmazu8mQXK3aVH42rBA37Qvu3ZSjtZzGWcVtNGxx1dRKyNwkZZhqAGM5cp2kd4vl&amp;show_text=true&amp;width=350\" title=\"Ouvrie le lien\" target=\"_blank\" rel=\"noopener\">Cliquez ici pour visualiser le contenu<\/a><\/p>\n<p>Pas de bless\u00e9, mais un retour \u00e0 l\u2019exp\u00e9diteur<\/p>\n<p class=\" wall-content\">D\u2019apr\u00e8s Tiss\u00e9o, la chute cette <strong>pi\u00e8ce lourde de 50\u00a0tonnes<\/strong> n\u2019a fait <strong>aucun bless\u00e9<\/strong> et n\u2019a provoqu\u00e9 <strong>aucun d\u00e9g\u00e2t mat\u00e9riel.<\/strong><\/p>\n<p class=\" wall-content\">En revanche, m\u00eame si le voussoir \u00ab\u2009n\u2019est pas endommag\u00e9\u2009\u00bb, pr\u00e9cise Tiss\u00e9o, \u00ab\u2009il ne sera pas utilis\u00e9 dans le cadre du chantier\u2009\u00bb. Et il faut le retirer de la route\u2026<\/p>\n<p>Vid\u00e9os : en ce moment sur ActuRoute coup\u00e9e et grues en action<\/p>\n<p class=\" wall-content\">Car l\u2019incident perturbe fortement la circulation, a pr\u00e9venu la Mairie de Lab\u00e8ge dans une publication Facebook. <strong>La route a depuis \u00e9t\u00e9 coup\u00e9e<\/strong> entre le rond-point de Castanet et celui du cin\u00e9ma, dans le sens Castanet-Toulouse, le temps d\u2019\u00e9vacuer le bloc de b\u00e9ton.<\/p>\n<p class=\" wall-content\"><strong>Deux grues<\/strong> sont sur place depuis ce mercredi 21\u00a0mai, 13h30. Il leur aura fallu pr\u00e8s de trois heures pour \u00f4ter le morceau.<\/p>\n<p>Des d\u00e9viations en cours<\/p>\n<p class=\" wall-content\">Des d\u00e9viations ont \u00e9t\u00e9 mises en place et perdurent, car en direction du Lauragais, sur la D916, les voies sont bouch\u00e9es. La Mairie de Lab\u00e8ge conseille aux automobilistes d\u2019\u00e9viter le secteur.<\/p>\n<p>    <img   decoding=\"async\" loading=\"lazy\" src=\"https:\/\/www.europesays.com\/fr\/wp-content\/uploads\/2025\/05\/circulation-labege-960x640.jpg\" alt=\"Le trafic est encore bien perturb\u00e9 ce mercredi 21 mai 2025 apr\u00e8s-midi.\" width=\"960\" height=\"640\"\/><br \/>\n    Le trafic est encore bien perturb\u00e9 ce mercredi 21\u00a0mai 2025 apr\u00e8s-midi. (\u00a9David Saint-Sernin \/ Actu Toulouse)<\/p>\n<p class=\" wall-content\">Tiss\u00e9o d\u00e9terminera dans les prochains jours les circonstances exactes de l\u2019accident \u00ab\u00a0afin de d\u00e9cider des suites \u00e0 donner\u00a0\u00bb. Dans le m\u00eame secteur, en mars 2024, Tiss\u00e9o avait d\u00e9j\u00e0 connu un accident dans la commune de Lab\u00e8ge, mais cette fois bien plus <a href=\"https:\/\/actu.fr\/occitanie\/toulouse_31555\/toulouse-accident-mortel-sur-le-chantier-du-metro-ce-qu-il-s-est-passe_60778198.html\" target=\"_blank\" rel=\"noopener\">dramatique.<\/a> Le tablier du viaduc s\u2019\u00e9tait effondr\u00e9, <a href=\"https:\/\/actu.fr\/occitanie\/toulouse_31555\/de-l-ouvrier-mort_61997070.html\" target=\"_blank\" rel=\"noopener\">provoquant la mort d\u2019un ouvrier.<\/a><\/p>\n<p class=\" wall-content\">Suivez toute l\u2019actualit\u00e9 de vos villes et m\u00e9dias favoris en vous inscrivant \u00e0 <a href=\"https:\/\/moncompte.actu.fr\" title=\"D\u00e9couvez Mon Actu\" rel=\"nofollow noopener\" data-trk=\"{&quot;cta&quot;:{&quot;action&quot;:&quot;https:\\\/\\\/moncompte.actu.fr&quot;,&quot;category&quot;:&quot;mon compte&quot;,&quot;from&quot;:&quot;article footer&quot;,&quot;name&quot;:&quot;Mon actu&quot;,&quot;type&quot;:&quot;cta&quot;}}\" target=\"_blank\">Mon Actu<\/a>.<\/p>\n<ul class=\"ac-article-tag wall-content\">\n<li><a href=\"https:\/\/actu.fr\/tag\/ligne-c-du-metro-de-toulouse\" data-trk=\"{&quot;cta&quot;:{&quot;action&quot;:&quot;Ligne C du m\\u00e9tro de Toulouse&quot;,&quot;category&quot;:&quot;tag&quot;,&quot;from&quot;:&quot;article footer&quot;,&quot;name&quot;:&quot;Ligne C du m\\u00e9tro de Toulouse&quot;,&quot;type&quot;:&quot;cta&quot;}}\" target=\"_blank\" rel=\"noopener\">#Ligne C du m\u00e9tro de Toulouse<\/a><\/li>\n<li><a href=\"https:\/\/actu.fr\/tag\/tisseo\" data-trk=\"{&quot;cta&quot;:{&quot;action&quot;:&quot;Tiss\\u00e9o&quot;,&quot;category&quot;:&quot;tag&quot;,&quot;from&quot;:&quot;article footer&quot;,&quot;name&quot;:&quot;Tiss\\u00e9o&quot;,&quot;type&quot;:&quot;cta&quot;}}\" target=\"_blank\" rel=\"noopener\">#Tiss\u00e9o<\/a><\/li>\n<\/ul>\n","protected":false},"excerpt":{"rendered":"Par Mar\u00e9va Laville Publi\u00e9 le 21 mai 2025 \u00e0 17h02 Le convoi exceptionnel a vir\u00e9 \u00e0 l\u2019accident exceptionnel.&hellip;\n","protected":false},"author":2,"featured_media":117171,"comment_status":"","ping_status":"","sticky":false,"template":"","format":"standard","meta":{"footnotes":""},"categories":[2816],"tags":[1111,11,1777,674,118,1011,27,5224,12,2680,25,5400,2312],"class_list":{"0":"post-117170","1":"post","2":"type-post","3":"status-publish","4":"format-standard","5":"has-post-thumbnail","7":"category-toulouse","8":"tag-actu","9":"tag-actualites","10":"tag-eu","11":"tag-europe","12":"tag-faits-divers","13":"tag-fr","14":"tag-france","15":"tag-ligne-c-du-metro-de-toulouse","16":"tag-news","17":"tag-occitanie","18":"tag-republique-francaise","19":"tag-tisseo","20":"tag-toulouse"},"share_on_mastodon":{"url":"https:\/\/pubeurope.com\/@fr\/114546526418496574","error":""},"_links":{"self":[{"href":"https:\/\/www.europesays.com\/fr\/wp-json\/wp\/v2\/posts\/117170","targetHints":{"allow":["GET"]}}],"collection":[{"href":"https:\/\/www.europesays.com\/fr\/wp-json\/wp\/v2\/posts"}],"about":[{"href":"https:\/\/www.europesays.com\/fr\/wp-json\/wp\/v2\/types\/post"}],"author":[{"embeddable":true,"href":"https:\/\/www.europesays.com\/fr\/wp-json\/wp\/v2\/users\/2"}],"replies":[{"embeddable":true,"href":"https:\/\/www.europesays.com\/fr\/wp-json\/wp\/v2\/comments?post=117170"}],"version-history":[{"count":0,"href":"https:\/\/www.europesays.com\/fr\/wp-json\/wp\/v2\/posts\/117170\/revisions"}],"wp:featuredmedia":[{"embeddable":true,"href":"https:\/\/www.europesays.com\/fr\/wp-json\/wp\/v2\/media\/117171"}],"wp:attachment":[{"href":"https:\/\/www.europesays.com\/fr\/wp-json\/wp\/v2\/media?parent=117170"}],"wp:term":[{"taxonomy":"category","embeddable":true,"href":"https:\/\/www.europesays.com\/fr\/wp-json\/wp\/v2\/categories?post=117170"},{"taxonomy":"post_tag","embeddable":true,"href":"https:\/\/www.europesays.com\/fr\/wp-json\/wp\/v2\/tags?post=117170"}],"curies":[{"name":"wp","href":"https:\/\/api.w.org\/{rel}","templated":true}]}}