{"id":117180,"date":"2025-05-21T15:32:19","date_gmt":"2025-05-21T15:32:19","guid":{"rendered":"https:\/\/www.europesays.com\/fr\/117180\/"},"modified":"2025-05-21T15:32:19","modified_gmt":"2025-05-21T15:32:19","slug":"immersion-au-xvie-siecle-ce-week-end-dans-le-vieux-lyon","status":"publish","type":"post","link":"https:\/\/www.europesays.com\/fr\/117180\/","title":{"rendered":"immersion au XVIe\u00a0si\u00e8cle ce week-end dans le Vieux-Lyon"},"content":{"rendered":"<p>La place Saint-Jean, c\u0153ur vibrant de cette grande f\u00eate populaire, accueillera une trentaine d\u2019artisans qui pr\u00e9senteront leurs cr\u00e9ations inspir\u00e9es des savoir-faire du XVIe\u00a0si\u00e8cle. Bijoux, articles en cuir, bois ou \u00e9tain, gravures et pour la premi\u00e8re fois, un v\u00e9ritable tr\u00e9buchet (catapulte) sera install\u00e9 dans la cour du palais Saint-Jean.<\/p>\n<p>  Combattants, troubadours, chasse au tr\u00e9sor<\/p>\n<p>Comme chaque ann\u00e9e, la F\u00eate Renaissance d\u00e9butera par un grand d\u00e9fil\u00e9. Partant de la place Bellecour \u00e0 11\u00a0heures, il traversera la Presqu\u2019\u00eele jusqu\u2019au Vieux-Lyon. Plus de 300 participants en costume, derri\u00e8re les grands dignitaires des Pennonages, donneront le coup d\u2019envoi des festivit\u00e9s, suivis des lanceurs de drapeaux.<\/p>\n<p>Un voyage dans le temps accessible \u00e0 tous. Simples visiteurs, curieux ou passionn\u00e9s pourront d\u00e9couvrir la vie des campements historiques, assister \u00e0 des spectacles de combattants et mercenaires, voir d\u00e9filer les troubadours, mais aussi participer \u00e0 une chasse au tr\u00e9sor, \u00e0 des bals en s\u2019initiant aux danses de la Renaissance ou encore \u00e0 des ateliers pour apprendre \u00e0 tirer \u00e0 l\u2019arc.<\/p>\n","protected":false},"excerpt":{"rendered":"La place Saint-Jean, c\u0153ur vibrant de cette grande f\u00eate populaire, accueillera une trentaine d\u2019artisans qui pr\u00e9senteront leurs cr\u00e9ations&hellip;\n","protected":false},"author":2,"featured_media":117181,"comment_status":"","ping_status":"","sticky":false,"template":"","format":"standard","meta":{"footnotes":""},"categories":[1889],"tags":[1111,11,2430,1687,2757,1777,674,3326,1011,27,2428,15658,15657,12,25],"class_list":{"0":"post-117180","1":"post","2":"type-post","3":"status-publish","4":"format-standard","5":"has-post-thumbnail","7":"category-lyon","8":"tag-actu","9":"tag-actualites","10":"tag-auvergne-rhone-alpes","11":"tag-culture-loisirs","12":"tag-edition-lyon-villeurbanne","13":"tag-eu","14":"tag-europe","15":"tag-fete-locale","16":"tag-fr","17":"tag-france","18":"tag-lyon","19":"tag-lyon-5e","20":"tag-lyon-5e-arrondissement","21":"tag-news","22":"tag-republique-francaise"},"share_on_mastodon":{"url":"https:\/\/pubeurope.com\/@fr\/114546549939275402","error":""},"_links":{"self":[{"href":"https:\/\/www.europesays.com\/fr\/wp-json\/wp\/v2\/posts\/117180","targetHints":{"allow":["GET"]}}],"collection":[{"href":"https:\/\/www.europesays.com\/fr\/wp-json\/wp\/v2\/posts"}],"about":[{"href":"https:\/\/www.europesays.com\/fr\/wp-json\/wp\/v2\/types\/post"}],"author":[{"embeddable":true,"href":"https:\/\/www.europesays.com\/fr\/wp-json\/wp\/v2\/users\/2"}],"replies":[{"embeddable":true,"href":"https:\/\/www.europesays.com\/fr\/wp-json\/wp\/v2\/comments?post=117180"}],"version-history":[{"count":0,"href":"https:\/\/www.europesays.com\/fr\/wp-json\/wp\/v2\/posts\/117180\/revisions"}],"wp:featuredmedia":[{"embeddable":true,"href":"https:\/\/www.europesays.com\/fr\/wp-json\/wp\/v2\/media\/117181"}],"wp:attachment":[{"href":"https:\/\/www.europesays.com\/fr\/wp-json\/wp\/v2\/media?parent=117180"}],"wp:term":[{"taxonomy":"category","embeddable":true,"href":"https:\/\/www.europesays.com\/fr\/wp-json\/wp\/v2\/categories?post=117180"},{"taxonomy":"post_tag","embeddable":true,"href":"https:\/\/www.europesays.com\/fr\/wp-json\/wp\/v2\/tags?post=117180"}],"curies":[{"name":"wp","href":"https:\/\/api.w.org\/{rel}","templated":true}]}}