{"id":117183,"date":"2025-05-21T15:34:09","date_gmt":"2025-05-21T15:34:09","guid":{"rendered":"https:\/\/www.europesays.com\/fr\/117183\/"},"modified":"2025-05-21T15:34:09","modified_gmt":"2025-05-21T15:34:09","slug":"le-trafic-fortement-perturbe-en-ile-de-france-avec-plus-de-400km-de-bouchons-cumules","status":"publish","type":"post","link":"https:\/\/www.europesays.com\/fr\/117183\/","title":{"rendered":"le trafic fortement perturb\u00e9 en \u00cele-de-France avec plus de 400km de bouchons\u00a0cumul\u00e9s"},"content":{"rendered":"<p class=\"article-p mdl\">Des centaines de <strong>taxis \u00ab\u00a0en col\u00e8re\u00a0\u00bb<\/strong> ont manifest\u00e9 \u00e0 Paris et en r\u00e9gion parisienne contre les nouvelles conditions tarifaires du transport sanitaire et la concurrence des VTC. Hormis le centre de la capitale, bloqu\u00e9 pr\u00e8s du minist\u00e8re des Transports, une cinquantaine de voitures ont aussi <strong>bloqu\u00e9 deux voies (sur trois) de l&rsquo;autoroute A1<\/strong> entre l&rsquo;a\u00e9roport Charles-de-Gaulle et Paris, en milieu de journ\u00e9e, mercredi 21 mai, avant de se d\u00e9placer <strong>vers le p\u00e9riph\u00e9rique parisien<\/strong>.<\/p>\n<p class=\"article-p mdl\">Cette manifestation des taxis a cr\u00e9\u00e9 des bouchons plus importants que d&rsquo;habitude pour les usagers circulant en r\u00e9gion parisienne. Selon le site\u00a0<a class=\"link\" href=\"https:\/\/www.sytadin.fr\/sys\/barometre_bouchon.jsp.html\" target=\"_blank\" rel=\"noopener\">Sytadin<\/a>, \u00e0 17h, Il y avait quasiment <strong>400 kilom\u00e8tres de bouchons cumul\u00e9s en \u00cele-de-France, contre 240 kilom\u00e8tres en moyenne<\/strong>. Un chiffre \u00e9galement sup\u00e9rieur \u00e0 ce que le site d&rsquo;information routi\u00e8re appelle une journ\u00e9e \u00ab\u00a0exceptionnelle\u00a0\u00bb.<\/p>\n<p class=\"article-p mdl\">Le trafic devrait encore se compliquer, puisque le <strong>pic de circulation est attendu entre 18h et 18h30<\/strong>. En moyenne, ce sont un peu plus de 300 kilom\u00e8tres de bouchons cumul\u00e9s qui sont recens\u00e9s \u00e0 cette heure-l\u00e0, 420 kilom\u00e8tres pour une journ\u00e9e exceptionnelle.\u00a0<\/p>\n<p>    La r\u00e9daction vous recommande<\/p>\n<p class=\"s-newsletter__title\">\n                L\u2019actualit\u00e9 par la r\u00e9daction de RTL dans votre bo\u00eete mail.\n            <\/p>\n<p class=\"s-newsletter__subtitle\">\n                Gr\u00e2ce \u00e0 votre compte RTL abonnez-vous \u00e0 la newsletter RTL info pour suivre toute l&rsquo;actualit\u00e9 au quotidien\n            <\/p>\n<p>\n                                    Lire la suite\n                                <\/p>\n","protected":false},"excerpt":{"rendered":"Des centaines de taxis \u00ab\u00a0en col\u00e8re\u00a0\u00bb ont manifest\u00e9 \u00e0 Paris et en r\u00e9gion parisienne contre les nouvelles conditions&hellip;\n","protected":false},"author":2,"featured_media":117184,"comment_status":"","ping_status":"","sticky":false,"template":"","format":"standard","meta":{"footnotes":""},"categories":[1592],"tags":[1111,11,1777,674,107,1011,27,662,10234,12,626,25,9548,23773],"class_list":{"0":"post-117183","1":"post","2":"type-post","3":"status-publish","4":"format-standard","5":"has-post-thumbnail","7":"category-ile-de-france","8":"tag-actu","9":"tag-actualites","10":"tag-eu","11":"tag-europe","12":"tag-fil-info","13":"tag-fr","14":"tag-france","15":"tag-ile-de-france","16":"tag-mobilisation","17":"tag-news","18":"tag-paris","19":"tag-republique-francaise","20":"tag-taxis","21":"tag-taxis-contre-vtc"},"share_on_mastodon":{"url":"https:\/\/pubeurope.com\/@fr\/114546557917368999","error":""},"_links":{"self":[{"href":"https:\/\/www.europesays.com\/fr\/wp-json\/wp\/v2\/posts\/117183","targetHints":{"allow":["GET"]}}],"collection":[{"href":"https:\/\/www.europesays.com\/fr\/wp-json\/wp\/v2\/posts"}],"about":[{"href":"https:\/\/www.europesays.com\/fr\/wp-json\/wp\/v2\/types\/post"}],"author":[{"embeddable":true,"href":"https:\/\/www.europesays.com\/fr\/wp-json\/wp\/v2\/users\/2"}],"replies":[{"embeddable":true,"href":"https:\/\/www.europesays.com\/fr\/wp-json\/wp\/v2\/comments?post=117183"}],"version-history":[{"count":0,"href":"https:\/\/www.europesays.com\/fr\/wp-json\/wp\/v2\/posts\/117183\/revisions"}],"wp:featuredmedia":[{"embeddable":true,"href":"https:\/\/www.europesays.com\/fr\/wp-json\/wp\/v2\/media\/117184"}],"wp:attachment":[{"href":"https:\/\/www.europesays.com\/fr\/wp-json\/wp\/v2\/media?parent=117183"}],"wp:term":[{"taxonomy":"category","embeddable":true,"href":"https:\/\/www.europesays.com\/fr\/wp-json\/wp\/v2\/categories?post=117183"},{"taxonomy":"post_tag","embeddable":true,"href":"https:\/\/www.europesays.com\/fr\/wp-json\/wp\/v2\/tags?post=117183"}],"curies":[{"name":"wp","href":"https:\/\/api.w.org\/{rel}","templated":true}]}}