{"id":117185,"date":"2025-05-21T15:35:09","date_gmt":"2025-05-21T15:35:09","guid":{"rendered":"https:\/\/www.europesays.com\/fr\/117185\/"},"modified":"2025-05-21T15:35:09","modified_gmt":"2025-05-21T15:35:09","slug":"les-routes-de-paris-et-dile-de-france-paralysees-plus-400-km-dembouteillages-enregistres","status":"publish","type":"post","link":"https:\/\/www.europesays.com\/fr\/117185\/","title":{"rendered":"les routes de Paris et d\u2019\u00cele-de-France paralys\u00e9es, plus 400 km d&#8217;embouteillages enregistr\u00e9s"},"content":{"rendered":"<p>            Par<br \/>\n        <strong><br \/>\n            <a href=\"https:\/\/actu.fr\/auteur\/redaction-paris\" title=\"Consulter tous les articles de R\u00e9daction Paris\" target=\"_blank\" rel=\"noopener\">R\u00e9daction Paris<\/a><br \/>\n        <\/strong><\/p>\n<p>        Publi\u00e9 le<\/p>\n<p>            21 mai 2025 \u00e0 17h29        <\/p>\n<p>La journ\u00e9e tourne au cauchemar pour les automobilistes de <a href=\"https:\/\/actu.fr\/paris\/\" target=\"_blank\" rel=\"noopener\">Paris<\/a> et d\u2019<a href=\"https:\/\/actu.fr\/ile-de-france\/\" target=\"_blank\" rel=\"noopener\">\u00cele-de-France<\/a>. D\u00e9j\u00e0 <a href=\"https:\/\/actu.fr\/ile-de-france\/paris_75056\/manifestation-des-taxis-operations-escargots-sur-les-autoroutes-d-ile-de-france-la-circulation-ralentie_62666073.html\" target=\"_blank\" rel=\"noopener\">fortement perturb\u00e9<\/a> ce mercredi 21\u00a0mai 2025 au matin par la <a href=\"https:\/\/actu.fr\/tag\/manifestations\" target=\"_blank\" rel=\"noopener\">manifestation<\/a> des taxis, le trafic ne s\u2019est gu\u00e8re am\u00e9lior\u00e9 en cette fin d\u2019apr\u00e8s-midi. <strong>Une nouvelle op\u00e9ration escargot<\/strong> men\u00e9e par les chauffeurs ralentit \u00e0 nouveau les principaux axes de circulation. La m\u00e9t\u00e9o, elle aussi, s\u2019en m\u00eale\u2009: la pluie complique encore davantage les conditions de conduite.<\/p>\n<p>Une situation jug\u00e9e \u00ab\u2009exceptionnelle\u2009\u00bb<\/p>\n<p class=\" wall-content\">Selon le site <a href=\"https:\/\/www.sytadin.fr\/sys\/alert_reseau.jsp.html#574558\" target=\"_blank\" rel=\"noopener\">Sytadin.fr<\/a>, la situation est qualifi\u00e9e <strong>d\u2019\u00ab\u2009exceptionnelle\u2009\u00bb<\/strong>\u2009: la courbe repr\u00e9sentant le cumul des bouchons a franchi la zone rouge, avec plus de 450 kilom\u00e8tres de ralentissements recens\u00e9s en fin de journ\u00e9e. <strong>Et la tendance est \u00e0 la hausse<\/strong>.<\/p>\n<p class=\" wall-content\">\n<p class=\" wall-content\">Dans Paris intra-muros, <strong>la circulation est particuli\u00e8rement dense<\/strong>, notamment dans l\u2019hypercentre et aux abords des principales portes d\u2019entr\u00e9e de la capitale. \u00c0 cela s\u2019ajoutent plusieurs accidents survenus sur l\u2019A86, dans les <a href=\"https:\/\/actu.fr\/ile-de-france\/hauts-de-seine_92\" target=\"_blank\" rel=\"noopener\">Hauts-de-Seine<\/a>. \u00c0 <a href=\"https:\/\/actu.fr\/ile-de-france\/nanterre_92050\" target=\"_blank\" rel=\"noopener\">Nanterre<\/a>, un choc impliquant plusieurs v\u00e9hicules a entra\u00een\u00e9 <strong>la fermeture d\u2019une voie<\/strong>, aggravant encore les difficult\u00e9s.<\/p>\n<p class=\" wall-content\">La mobilisation des chauffeurs de taxi ne va pas faiblir. Selon la <a href=\"https:\/\/actu.fr\/tag\/prefecture-de-police-de-paris\" target=\"_blank\" rel=\"noopener\">pr\u00e9fecture de Police<\/a> de Paris, de nouvelles <strong>d\u00e9clarations de manifestation<\/strong> ont \u00e9t\u00e9 enregistr\u00e9es pour la journ\u00e9e du jeudi 22 mai. Le mouvement entam\u00e9 mardi devrait donc se poursuivre, avec de <strong>nouvelles perturbations<\/strong> attendues dans la capitale et en \u00cele-de-France.<\/p>\n<p class=\" wall-content\">Suivez toute l\u2019actualit\u00e9 de vos villes et m\u00e9dias favoris en vous inscrivant \u00e0 <a href=\"https:\/\/moncompte.actu.fr\" title=\"D\u00e9couvez Mon Actu\" rel=\"nofollow noopener\" data-trk=\"{&quot;cta&quot;:{&quot;action&quot;:&quot;https:\\\/\\\/moncompte.actu.fr&quot;,&quot;category&quot;:&quot;mon compte&quot;,&quot;from&quot;:&quot;article footer&quot;,&quot;name&quot;:&quot;Mon actu&quot;,&quot;type&quot;:&quot;cta&quot;}}\" target=\"_blank\">Mon Actu<\/a>.<\/p>\n","protected":false},"excerpt":{"rendered":"Par R\u00e9daction Paris Publi\u00e9 le 21 mai 2025 \u00e0 17h29 La journ\u00e9e tourne au cauchemar pour les automobilistes&hellip;\n","protected":false},"author":2,"featured_media":117186,"comment_status":"","ping_status":"","sticky":false,"template":"","format":"standard","meta":{"footnotes":""},"categories":[1888],"tags":[1111,1928,11,1927,3542,1777,674,1011,27,6151,803,12,1926,626,1925,25,104],"class_list":{"0":"post-117185","1":"post","2":"type-post","3":"status-publish","4":"format-standard","5":"has-post-thumbnail","7":"category-paris","8":"tag-actu","9":"tag-actu-paris","10":"tag-actualites","11":"tag-actualites-paris","12":"tag-circulation","13":"tag-eu","14":"tag-europe","15":"tag-fr","16":"tag-france","17":"tag-greve","18":"tag-info-trafic","19":"tag-news","20":"tag-news-paris","21":"tag-paris","22":"tag-paris-news","23":"tag-republique-francaise","24":"tag-societe"},"share_on_mastodon":{"url":"https:\/\/pubeurope.com\/@fr\/114546561749646674","error":""},"_links":{"self":[{"href":"https:\/\/www.europesays.com\/fr\/wp-json\/wp\/v2\/posts\/117185","targetHints":{"allow":["GET"]}}],"collection":[{"href":"https:\/\/www.europesays.com\/fr\/wp-json\/wp\/v2\/posts"}],"about":[{"href":"https:\/\/www.europesays.com\/fr\/wp-json\/wp\/v2\/types\/post"}],"author":[{"embeddable":true,"href":"https:\/\/www.europesays.com\/fr\/wp-json\/wp\/v2\/users\/2"}],"replies":[{"embeddable":true,"href":"https:\/\/www.europesays.com\/fr\/wp-json\/wp\/v2\/comments?post=117185"}],"version-history":[{"count":0,"href":"https:\/\/www.europesays.com\/fr\/wp-json\/wp\/v2\/posts\/117185\/revisions"}],"wp:featuredmedia":[{"embeddable":true,"href":"https:\/\/www.europesays.com\/fr\/wp-json\/wp\/v2\/media\/117186"}],"wp:attachment":[{"href":"https:\/\/www.europesays.com\/fr\/wp-json\/wp\/v2\/media?parent=117185"}],"wp:term":[{"taxonomy":"category","embeddable":true,"href":"https:\/\/www.europesays.com\/fr\/wp-json\/wp\/v2\/categories?post=117185"},{"taxonomy":"post_tag","embeddable":true,"href":"https:\/\/www.europesays.com\/fr\/wp-json\/wp\/v2\/tags?post=117185"}],"curies":[{"name":"wp","href":"https:\/\/api.w.org\/{rel}","templated":true}]}}