{"id":117187,"date":"2025-05-21T15:36:11","date_gmt":"2025-05-21T15:36:11","guid":{"rendered":"https:\/\/www.europesays.com\/fr\/117187\/"},"modified":"2025-05-21T15:36:11","modified_gmt":"2025-05-21T15:36:11","slug":"les-taxis-en-colere-et-toujours-mobilises-a-paris","status":"publish","type":"post","link":"https:\/\/www.europesays.com\/fr\/117187\/","title":{"rendered":"Les taxis \u00ab\u00a0en col\u00e8re\u00a0\u00bb et toujours mobilis\u00e9s \u00e0 Paris"},"content":{"rendered":"<p>Des centaines de taxis \u00ab\u00a0en col\u00e8re\u00a0\u00bb continuaient de manifester \u00e0 Paris mercredi contre les nouvelles conditions tarifaires du transport sanitaire et la concurrence des VTC.<\/p>\n<p>Mercredi, entre concerts de klaxons et feux d&rsquo;artifice sous la pluie, plusieurs centaines de taxis venus de toute la France bloquaient toujours le boulevard Raspail, pr\u00e8s du minist\u00e8re des Transports dans le centre de Paris.<\/p>\n<p>Une cinquantaine de voitures ont aussi bloqu\u00e9 deux voies (sur trois) de l&rsquo;autoroute A1 entre l&rsquo;a\u00e9roport Charles-de-Gaulle et Paris, mercredi vers 13H00, avant de se d\u00e9placer vers le p\u00e9riph\u00e9rique parisien, a constat\u00e9 un photographe de l&rsquo;AFP.<\/p>\n<p>L&rsquo;intersyndicale des taxis a entam\u00e9 lundi une mobilisation massive pour protester contre un projet de nouvelle tarification de l&rsquo;Assurance maladie sur les transports de malades par des chauffeurs de taxi conventionn\u00e9s.<\/p>\n<p>Plusieurs milliers de taxis des villes et des champs ont d\u00e9j\u00e0 manifest\u00e9 lundi et mardi \u00e0 travers toute la France. Le climat s&rsquo;est tendu \u00e0 plusieurs reprises avec les forces de l&rsquo;ordre et quatre manifestants parisiens ont \u00e9t\u00e9 poursuivis.<\/p>\n<p>A Marseille, deux chauffeurs de taxi ont \u00e9t\u00e9 bless\u00e9s mardi en marge de leur manifestation par une voiture qui leur a fonc\u00e9 dessus, identifi\u00e9e par les taxis comme \u00e9tant un VTC.<\/p>\n<p>\u00ab\u00a0On reste sur le boulevard Raspail mais il y a des jeunes qui veulent bouger davantage. On veut parler \u00e0 Matignon\u00a0\u00bb, a d\u00e9clar\u00e9 \u00e0 l&rsquo;AFP G\u00e9r\u00f4me Lassalle, de l&rsquo;association Elite Taxis.<\/p>\n<p>&#8211; Sanitaire &#8211;<\/p>\n<p>Les taxis sont notamment en col\u00e8re contre une mesure de l&rsquo;Assurance maladie qui entend instaurer \u00e0 partir du 1er octobre un mod\u00e8le unique sur le territoire pour le transport des malades.<\/p>\n<p>Ces trajets vers les h\u00f4pitaux ou cabinets m\u00e9dicaux repr\u00e9sentent une part essentielle du chiffre d&rsquo;affaires de nombreux chauffeurs de taxis conventionn\u00e9s.<\/p>\n<p>Les taxis seront r\u00e9mun\u00e9r\u00e9s sur la base d&rsquo;un forfait de prise en charge de 13 euros et d&rsquo;une tarification kilom\u00e9trique. Ils sont encourag\u00e9s \u00e0 regrouper les patients qui ont des trajets proches, et \u00e0 se g\u00e9olocaliser pour \u00e9viter les fraudes.<\/p>\n<p>La ministre de la Sant\u00e9 Catherine Vautrin a soulign\u00e9 mardi qu&rsquo;il est \u00ab\u00a0important que nos concitoyens quand ils en ont besoin puissent \u00eatre transport\u00e9s\u00a0\u00bb, mais \u00ab\u00a0les d\u00e9penses de transports sanitaires ont une courbe d&rsquo;augmentation tr\u00e8s importante\u00a0\u00bb. Ces d\u00e9penses repr\u00e9sentaient 6,3 milliards dans le budget de la sant\u00e9 en 2023.<\/p>\n<p>Le secteur se dit pr\u00eat \u00e0 discuter, notamment du transport partag\u00e9 et de \u00ab\u00a0l&rsquo;optimisation des co\u00fbts\u00a0\u00bb. Mais il demande le gel du projet actuel.<\/p>\n<p>&#8211; Contr\u00f4les renforc\u00e9s &#8211;<\/p>\n<p>De nombreux taxis manifestent aussi contre la concurrence des v\u00e9hicules de tourisme avec chauffeur (VTC), coordonn\u00e9s par des plateformes comme Uber ou Bolt.<\/p>\n<p>Le minist\u00e8re des Transports a propos\u00e9 mercredi un contr\u00f4le renforc\u00e9 des VTC.<\/p>\n<p>Il va demander aux pr\u00e9fets un \u00ab\u00a0renforcement des contr\u00f4les contre la fraude visant notamment l\u2019exercice ill\u00e9gal d\u2019activit\u00e9, les maraudes et les racolages ill\u00e9gaux\u00a0\u00bb, a pr\u00e9cis\u00e9 le minist\u00e8re dans un communiqu\u00e9.<\/p>\n<p>Ces contr\u00f4les renforc\u00e9s s\u2019appuieront notamment sur \u00ab\u00a0l\u2019exp\u00e9rimentation en cours depuis avril de nouvelles amendes forfaitaires d\u00e9lictuelles (jusqu\u2019\u00e0 1.000 euros), qui permettent de simplifier et d\u2019acc\u00e9l\u00e9rer les sanctions contre les fraudeurs\u00a0\u00bb, pr\u00e9cise le minist\u00e8re.<\/p>\n<p>Le minist\u00e8re a aussi propos\u00e9 mercredi de lutter contre \u00ab\u00a0le syst\u00e8me abusif de rattachement de certains VTC \u00e0 des gestionnaires de flottes, favorisant l&rsquo;activit\u00e9 de faux professionnels ainsi que la fraude fiscale et sociale\u00a0\u00bb.<\/p>\n<p>Il propose \u00e9galement de mieux r\u00e9guler l&rsquo;acc\u00e8s \u00e0 la profession de chauffeur VTC, par \u00ab\u00a0une r\u00e9vision de la voie d&rsquo;acc\u00e8s dite par \u00e9quivalence\u00a0\u00bb, qui b\u00e9n\u00e9ficie aux personnes ayant d\u00e9j\u00e0 un an d&rsquo;exp\u00e9rience dans le transport de personnes.<\/p>\n<p>\u00ab\u00a0On n&rsquo;est pas contre\u00a0\u00bb ces mesures, a r\u00e9pliqu\u00e9 aupr\u00e8s de l&rsquo;AFP Emmanuelle Cordier, pr\u00e9sidente de la F\u00e9d\u00e9ration nationale du taxi (FNDT). \u00ab\u00a0Mais c&rsquo;est de l\u2019administratif, \u00e7a ne r\u00e9pond pas aux besoins du terrain\u00a0\u00bb.<\/p>\n<p>tsz-clw\/ak\/LyS<\/p>\n","protected":false},"excerpt":{"rendered":"Des centaines de taxis \u00ab\u00a0en col\u00e8re\u00a0\u00bb continuaient de manifester \u00e0 Paris mercredi contre les nouvelles conditions tarifaires du&hellip;\n","protected":false},"author":2,"featured_media":117188,"comment_status":"","ping_status":"","sticky":false,"template":"","format":"standard","meta":{"footnotes":""},"categories":[1888],"tags":[1111,1928,11,1927,23775,1777,674,1011,27,23774,12,1926,626,1925,15344,25,9548,9699],"class_list":{"0":"post-117187","1":"post","2":"type-post","3":"status-publish","4":"format-standard","5":"has-post-thumbnail","7":"category-paris","8":"tag-actu","9":"tag-actu-paris","10":"tag-actualites","11":"tag-actualites-paris","12":"tag-budget-de-la-sante","13":"tag-eu","14":"tag-europe","15":"tag-fr","16":"tag-france","17":"tag-ministere-des-transports","18":"tag-news","19":"tag-news-paris","20":"tag-paris","21":"tag-paris-news","22":"tag-prise-en-charge","23":"tag-republique-francaise","24":"tag-taxis","25":"tag-vtc"},"share_on_mastodon":{"url":"https:\/\/pubeurope.com\/@fr\/114546565798378189","error":""},"_links":{"self":[{"href":"https:\/\/www.europesays.com\/fr\/wp-json\/wp\/v2\/posts\/117187","targetHints":{"allow":["GET"]}}],"collection":[{"href":"https:\/\/www.europesays.com\/fr\/wp-json\/wp\/v2\/posts"}],"about":[{"href":"https:\/\/www.europesays.com\/fr\/wp-json\/wp\/v2\/types\/post"}],"author":[{"embeddable":true,"href":"https:\/\/www.europesays.com\/fr\/wp-json\/wp\/v2\/users\/2"}],"replies":[{"embeddable":true,"href":"https:\/\/www.europesays.com\/fr\/wp-json\/wp\/v2\/comments?post=117187"}],"version-history":[{"count":0,"href":"https:\/\/www.europesays.com\/fr\/wp-json\/wp\/v2\/posts\/117187\/revisions"}],"wp:featuredmedia":[{"embeddable":true,"href":"https:\/\/www.europesays.com\/fr\/wp-json\/wp\/v2\/media\/117188"}],"wp:attachment":[{"href":"https:\/\/www.europesays.com\/fr\/wp-json\/wp\/v2\/media?parent=117187"}],"wp:term":[{"taxonomy":"category","embeddable":true,"href":"https:\/\/www.europesays.com\/fr\/wp-json\/wp\/v2\/categories?post=117187"},{"taxonomy":"post_tag","embeddable":true,"href":"https:\/\/www.europesays.com\/fr\/wp-json\/wp\/v2\/tags?post=117187"}],"curies":[{"name":"wp","href":"https:\/\/api.w.org\/{rel}","templated":true}]}}