{"id":117193,"date":"2025-05-21T15:39:09","date_gmt":"2025-05-21T15:39:09","guid":{"rendered":"https:\/\/www.europesays.com\/fr\/117193\/"},"modified":"2025-05-21T15:39:09","modified_gmt":"2025-05-21T15:39:09","slug":"marches-en-bref-royaume-uni-russie-union-europeenne-chine-decarbonation-georgie","status":"publish","type":"post","link":"https:\/\/www.europesays.com\/fr\/117193\/","title":{"rendered":"March\u00e9s, en bref\u00a0: Royaume-Uni, Russie, Union europ\u00e9enne, Chine, d\u00e9carbonation, G\u00e9orgie"},"content":{"rendered":"<p><strong>Royaume-Uni<\/strong>\u00a0: Lors du premier <strong>sommet UE\/Royaume-Uni<\/strong> depuis le Brexit, qui s\u2019est tenu le 19 mai dans la capitale anglaise, a donn\u00e9 naissance \u00e0 <strong>m\u00e9canisme permanent<\/strong> de rencontres et d\u2019\u00e9changes qui permettra de renouer des relations commerciales. Londres et Bruxelles ont annonc\u00e9 une s\u00e9rie d\u2019initiatives et d\u2019accords scellant un nouveau d\u00e9part dans leurs relations. L\u2019acc\u00e8s des p\u00eacheurs europ\u00e9ens aux eaux britanniques est prolong\u00e9 jusqu\u2019\u00e0 2038. Le Royaume-Uni devrait pouvoir \u00e0 nouveau participer au march\u00e9 europ\u00e9en de <strong>l\u2019\u00e9lectricit\u00e9 <\/strong>et les deux parties se sont engag\u00e9es \u00e0 fusionner leurs <strong>march\u00e9s du carbone<\/strong>. Un partenariat en mati\u00e8re de <strong>s\u00e9curit\u00e9 et de d\u00e9fense<\/strong> \u00e9galement \u00e9t\u00e9 conclu, pr\u00e9voyant la participation du Royaume-Uni au programme de financement du r\u00e9armement europ\u00e9en.<\/p>\n<p><strong>Russie\u00a0<\/strong>: L\u2019Union europ\u00e9enne a adopt\u00e9 un <strong>17e\u00a0paquet de sanctions<\/strong> contre la Russie visant les nouveaux navires p\u00e9troliers utilis\u00e9s pour contourner les sanctions d\u00e9j\u00e0 existantes contre les exportations de p\u00e9trole russe, a annonc\u00e9 la cheffe de la diplomatie europ\u00e9enne, Kaja Kallas. Cette derni\u00e8re a pr\u00e9cis\u00e9 que d\u2019autres sanctions \u00e0 l\u2019encontre de la Russie \u00e9taient en pr\u00e9paration.<\/p>\n<p><strong>Union europ\u00e9enne<\/strong>\u00a0: Selon les pr\u00e9visions \u00e9conomiques du printemps 2025 de la Commission europ\u00e9enne, <strong>le PIB r\u00e9el<\/strong> devrait cro\u00eetre de <strong>1,1 % en 2025 dans l\u2019UE et de 0,9 % dans la zone euro<\/strong>, soit \u00e0 peu pr\u00e8s le m\u00eame rythme qu\u2019en 2024. En 2026, la croissance devrait s\u2019acc\u00e9l\u00e9rer pour atteindre 1,5 % dans l\u2019UE et 1,4 % dans la zone euro. <strong>L\u2019inflation globale<\/strong> dans la zone euro devrait ralentir, passant de 2,4 % en 2024 \u00e0 une moyenne de 2,1 % en 2025 et de 1,7 % en 2026. Dans l\u2019UE, l\u2019inflation devrait suivre une dynamique similaire, passant d\u2019un niveau l\u00e9g\u00e8rement plus \u00e9lev\u00e9 en 2024 \u00e0 un niveau l\u00e9g\u00e8rement inf\u00e9rieur \u00e0 2 % en 2026.<\/p>\n<p><strong>Chine : <\/strong>Le minist\u00e8re chinois du Commerce a annonc\u00e9 le 18 mai des hausses de 3,8 % \u00e0 74,9 % sur les importations de <strong>copolym\u00e8re de polyformald\u00e9hyde,<\/strong> notamment utilis\u00e9 dans la fabrication de voitures et d\u2019appareils \u00e9lectrom\u00e9nagers, <strong>depuis les Etats-Unis, l\u2019Union europ\u00e9enne, Ta\u00efwan et le Japon<\/strong>. Cette d\u00e9cision (avec prise d\u2019effet le 19 mai), officiellement prise \u00e0 la suite d\u2019une enqu\u00eate anti-dumping men\u00e9e par P\u00e9kin, intervient alors que <strong>la Chine<\/strong> et les Etats-Unis viennent de suspendre pour 90 jours une partie des droites de douane r\u00e9ciproquement impos\u00e9s depuis le retour de Donald Trump \u00e0 la Maison blanche.<\/p>\n<p><strong>D\u00e9carbonation<\/strong>\u00a0: <strong>La Russie<\/strong> a engag\u00e9 le 19 mai une proc\u00e9dure de r\u00e8glement des diff\u00e9rends \u00e0 <strong>l\u2019OMC<\/strong> au sujet de l\u2019ajustement carbone aux fronti\u00e8res et de l\u2019\u00e9change de quotas d\u2019\u00e9missions dans le cadre du <strong>m\u00e9canisme d\u2019ajustement carbone aux fronti\u00e8res <\/strong>(MACF). Moscou cible en particulier les subventions de l\u2019UE \u00e0 l\u2019exportation all\u00e9gu\u00e9es dans le cadre de ce programme europ\u00e9en.<\/p>\n<p><strong>G\u00e9orgie<\/strong>\u00a0: Le 19 mai, le Vice-Ministre g\u00e9orgien de l\u2019\u00e9conomie et du d\u00e9veloppement durable de la G\u00e9orgie, Genadi Arveladze, a pr\u00e9sent\u00e9 l\u2019instrument d\u2019acceptation de l\u2019Accord sur les subventions \u00e0 la p\u00eache de son pays \u00e0 la Directrice g\u00e9n\u00e9rale de l\u2019OMC, Ngozi Okonjo-Iweala. La G\u00e9orgie est le 98\u00e8me Membre de l\u2019OMC \u00e0 d\u00e9poser son instrument d\u2019acceptation de l\u2019Accord aupr\u00e8s de l\u2019OMC.<\/p>\n","protected":false},"excerpt":{"rendered":"Royaume-Uni\u00a0: Lors du premier sommet UE\/Royaume-Uni depuis le Brexit, qui s\u2019est tenu le 19 mai dans la capitale&hellip;\n","protected":false},"author":2,"featured_media":26122,"comment_status":"","ping_status":"","sticky":false,"template":"","format":"standard","meta":{"footnotes":""},"categories":[1591],"tags":[11,309,23776,1887,12337,635,12,6579,473,1885,1886,132,364],"class_list":{"0":"post-117193","1":"post","2":"type-post","3":"status-publish","4":"format-standard","5":"has-post-thumbnail","7":"category-russie","8":"tag-actualites","9":"tag-chine","10":"tag-decarbonation","11":"tag-federation-de-russie","12":"tag-georgie","13":"tag-marches","14":"tag-news","15":"tag-plastique","16":"tag-royaume-uni","17":"tag-russia","18":"tag-russian-federation","19":"tag-russie","20":"tag-union-europeenne"},"share_on_mastodon":{"url":"https:\/\/pubeurope.com\/@fr\/114546577492462980","error":""},"_links":{"self":[{"href":"https:\/\/www.europesays.com\/fr\/wp-json\/wp\/v2\/posts\/117193","targetHints":{"allow":["GET"]}}],"collection":[{"href":"https:\/\/www.europesays.com\/fr\/wp-json\/wp\/v2\/posts"}],"about":[{"href":"https:\/\/www.europesays.com\/fr\/wp-json\/wp\/v2\/types\/post"}],"author":[{"embeddable":true,"href":"https:\/\/www.europesays.com\/fr\/wp-json\/wp\/v2\/users\/2"}],"replies":[{"embeddable":true,"href":"https:\/\/www.europesays.com\/fr\/wp-json\/wp\/v2\/comments?post=117193"}],"version-history":[{"count":0,"href":"https:\/\/www.europesays.com\/fr\/wp-json\/wp\/v2\/posts\/117193\/revisions"}],"wp:featuredmedia":[{"embeddable":true,"href":"https:\/\/www.europesays.com\/fr\/wp-json\/wp\/v2\/media\/26122"}],"wp:attachment":[{"href":"https:\/\/www.europesays.com\/fr\/wp-json\/wp\/v2\/media?parent=117193"}],"wp:term":[{"taxonomy":"category","embeddable":true,"href":"https:\/\/www.europesays.com\/fr\/wp-json\/wp\/v2\/categories?post=117193"},{"taxonomy":"post_tag","embeddable":true,"href":"https:\/\/www.europesays.com\/fr\/wp-json\/wp\/v2\/tags?post=117193"}],"curies":[{"name":"wp","href":"https:\/\/api.w.org\/{rel}","templated":true}]}}