{"id":117194,"date":"2025-05-21T15:40:10","date_gmt":"2025-05-21T15:40:10","guid":{"rendered":"https:\/\/www.europesays.com\/fr\/117194\/"},"modified":"2025-05-21T15:40:10","modified_gmt":"2025-05-21T15:40:10","slug":"le-vatican-pourrait-il-jouer-un-role-cle-dans-la-resolution-du-conflit","status":"publish","type":"post","link":"https:\/\/www.europesays.com\/fr\/117194\/","title":{"rendered":"le Vatican pourrait-il jouer un r\u00f4le cl\u00e9 dans la r\u00e9solution du conflit ?"},"content":{"rendered":"<p class=\"article-p mdl\">La paix entre la Russie et l&rsquo;Ukraine sera-t-elle sign\u00e9e au Vatican ? Le pr\u00e9sident am\u00e9ricain Donald Trump a indiqu\u00e9\u00a0lundi 19\u00a0mai, apr\u00e8s avoir \u00e9chang\u00e9 avec Vladimir Poutine, que\u00a0\u00ab\u00a0les n\u00e9gociations entre la Russie et l\u2019Ukraine vont commencer imm\u00e9diatement\u00a0\u00bb, tout en pr\u00e9cisant que\u00a0\u00ab\u00a0le Vatican, repr\u00e9sent\u00e9 par\u00a0le pape, a d\u00e9clar\u00e9 qu\u2019il serait tr\u00e8s int\u00e9ress\u00e9 par l\u2019organisation\u00a0\u00bb\u00a0de ces \u00e9changes.\u00a0<\/p>\n<p class=\"article-p mdl\"><a class=\"link\" href=\"https:\/\/www.rtl.fr\/actu\/international\/donald-trump-a-ecrit-une-lettre-au-pape-leon-xiv-pour-l-inviter-a-la-maison-blanche-7900506759\" title=\"Donald Trump a \u00e9crit une lettre au pape L\u00e9on XIV pour l&#039;inviter \u00e0 la Maison Blanche\" rel=\"nofollow noopener\" target=\"_blank\">Le pape L\u00e9on XIV<\/a>\u00a0a confirm\u00e9 au cours d&rsquo;une conversation t\u00e9l\u00e9phonique avec la premi\u00e8re ministre italienne, Georgia Meloni, la disponibilit\u00e9 du Vatican. Lors d&rsquo;un discours adress\u00e9 aux repr\u00e9sentants des 23 \u00c9glises chr\u00e9tiennes d&rsquo;Orient, la semaine derni\u00e8re, le souverain pontife avait d\u00e9j\u00e0 indiqu\u00e9 que le \u00ab\u00a0Saint-Si\u00e8ge \u00e9tait disponible pour que les ennemis se rencontrent et se regardent dans les yeux\u00a0\u00bb.\u00a0<\/p>\n<p class=\"article-p mdl\">Si Vladimir Poutine et Volodymyr Zelensky acceptent de se rencontrer au Vatican, <strong>on ignore encore si le nouveau Pape incarnera le r\u00f4le de m\u00e9diateur<\/strong> ou s&rsquo;il offrira simplement un lieu neutre propice aux discussions bilat\u00e9rales.<\/p>\n<p>            Le jeu diplomatique de Donald Trump<\/p>\n<p class=\"article-p mdl\">\u00c0 l&rsquo;id\u00e9e d&rsquo;une telle rencontre, Fran\u00e7ois Mabille, directeur de l\u2019Observatoire g\u00e9opolitique du religieux, reste \u00ab\u00a0sceptique\u00a0\u00bb. \u00ab\u00a0S&rsquo;il s&rsquo;agit de faire se rencontrer des personnes qui ne veulent pas se parler jusqu&rsquo;\u00e0 pr\u00e9sent, j&rsquo;ai du mal \u00e0 comprendre quel est le point sur lequel la diplomatie du Vatican pr\u00e9senterait un avantage\u00a0\u00bb, explique-t-il \u00e0 RTL. \u00ab\u00a0Si le Saint-Si\u00e8ge participait \u00e0 des discussions qui devaient \u00e9chouer, <strong>ce ne serait pas n\u00e9cessairement bon pour lui<\/strong>\u00ab\u00a0, poursuit l&rsquo;expert en diplomatie pontificale.\u00a0<\/p>\n<p class=\"article-p mdl\">Investi par lui-m\u00eame de mettre fin \u00e0 la guerre en Ukraine, <a class=\"link\" href=\"https:\/\/www.rtl.fr\/actu\/international\/guerre-en-ukraine-ce-qu-il-faut-retenir-de-l-echange-entre-vladimir-poutine-et-donald-trump-7900506913\" title=\"Guerre en Ukraine : ce qu\u2019il faut retenir de l\u2019\u00e9change entre Vladimir Poutine et Donald Trump\" rel=\"nofollow noopener\" target=\"_blank\">le\u00a0 pr\u00e9sident am\u00e9ricain<\/a>\u00a0pourrait \u00eatre le grand gagnant d&rsquo;une rencontre entre Poutine et Zelensky au Vatican. \u00ab\u00a0Dans l&rsquo;approche de Trump, je pense que ce qui l&rsquo;int\u00e9resse, c&rsquo;est la symbolique et de se dire : &lsquo;Sur la photo, on met deux am\u00e9ricains et je tire un peu le Saint-Si\u00e8ge vers les \u00c9tats-Unis'\u00a0\u00bb, explique Fran\u00e7ois Mabille.\u00a0<\/p>\n<p>            Le Vatican m\u00e9diateur au Soudan et en Palestine<\/p>\n<p class=\"article-p mdl\">Le Vatican a plusieurs fois endoss\u00e9 ce r\u00f4le de m\u00e9diateur et organis\u00e9 des rencontres entre deux chefs d&rsquo;\u00c9tat en guerre. En juin 2014, il a accueilli u<a class=\"link\" href=\"https:\/\/www.rtl.fr\/actu\/international\/proche-orient-rencontre-historique-de-priere-au-vatican-avec-abbas-et-peres-7772477539\" rel=\"nofollow noopener\" target=\"_blank\">ne rencontre exceptionnelle<\/a>\u00a0entre\u00a0Shimon Peres, pr\u00e9sident d\u2019Isra\u00ebl, et\u00a0Mahmoud Abbas, pr\u00e9sident de l\u2019Autorit\u00e9 palestinienne. Organis\u00e9e dans les jardins du Vatican, <strong>cette r\u00e9union n\u2019\u00e9tait pas une n\u00e9gociation politique<\/strong>, mais une pri\u00e8re commune pour une r\u00e9conciliation. Les deux chefs d&rsquo;\u00c9tat ont\u00a0plant\u00e9 un olivier, symbole de paix, dans un climat marqu\u00e9 \u00e0 l&rsquo;\u00e9poque par\u00a0l\u2019\u00e9chec des pourparlers isra\u00e9lo-palestiniens.\u00a0<\/p>\n<p class=\"article-p mdl\">Quelques ann\u00e9es plus tard, en 2019, le Pape Fran\u00e7ois a re\u00e7u le pr\u00e9sident du<a class=\"link\" href=\"https:\/\/www.rtl.fr\/actu\/international\/la-guerre-au-soudan-du-sud-a-fait-au-moins-300-000-morts-7792912284\" title=\"La guerre au Soudan du Sud a fait au moins 300.000 morts\" rel=\"nofollow noopener\" target=\"_blank\">\u00a0Sud-Soudan,<\/a>\u00a0Salva Kiir, et de son principal opposant\u00a0Riek Machar\u00a0pour une retraite spirituelle. \u00c0 cette occasion, le chef de l&rsquo;\u00c9glise catholique avait symboliquement embrass\u00e9 les pieds des deux ennemis politiques, un geste fort pour encourager la paix. Malgr\u00e9 cette rencontre, des affrontements continuent d&rsquo;avoir lieu au Soudan du Sud entre le gouvernement central et les s\u00e9paratistes. Ces deux initiatives \u00e9taient avant tout des invitations au dialogue et \u00e0 la r\u00e9conciliation plus que des pourparlers de guerre.<\/p>\n<p>    La r\u00e9daction vous recommande<\/p>\n<p class=\"s-newsletter__title\">\n                L\u2019actualit\u00e9 par la r\u00e9daction de RTL dans votre bo\u00eete mail.\n            <\/p>\n<p class=\"s-newsletter__subtitle\">\n                Gr\u00e2ce \u00e0 votre compte RTL abonnez-vous \u00e0 la newsletter RTL info pour suivre toute l&rsquo;actualit\u00e9 au quotidien\n            <\/p>\n<p>\n                                    Lire la suite\n                                <\/p>\n","protected":false},"excerpt":{"rendered":"La paix entre la Russie et l&rsquo;Ukraine sera-t-elle sign\u00e9e au Vatican ? Le pr\u00e9sident am\u00e9ricain Donald Trump a&hellip;\n","protected":false},"author":2,"featured_media":117195,"comment_status":"","ping_status":"","sticky":false,"template":"","format":"standard","meta":{"footnotes":""},"categories":[1590],"tags":[11,75,1777,674,107,131,19741,12,132,220,4193],"class_list":{"0":"post-117194","1":"post","2":"type-post","3":"status-publish","4":"format-standard","5":"has-post-thumbnail","7":"category-ukraine","8":"tag-actualites","9":"tag-donald-trump","10":"tag-eu","11":"tag-europe","12":"tag-fil-info","13":"tag-guerre-en-ukraine","14":"tag-leon-xiv","15":"tag-news","16":"tag-russie","17":"tag-ukraine","18":"tag-vatican"},"share_on_mastodon":{"url":"https:\/\/pubeurope.com\/@fr\/114546581585303741","error":""},"_links":{"self":[{"href":"https:\/\/www.europesays.com\/fr\/wp-json\/wp\/v2\/posts\/117194","targetHints":{"allow":["GET"]}}],"collection":[{"href":"https:\/\/www.europesays.com\/fr\/wp-json\/wp\/v2\/posts"}],"about":[{"href":"https:\/\/www.europesays.com\/fr\/wp-json\/wp\/v2\/types\/post"}],"author":[{"embeddable":true,"href":"https:\/\/www.europesays.com\/fr\/wp-json\/wp\/v2\/users\/2"}],"replies":[{"embeddable":true,"href":"https:\/\/www.europesays.com\/fr\/wp-json\/wp\/v2\/comments?post=117194"}],"version-history":[{"count":0,"href":"https:\/\/www.europesays.com\/fr\/wp-json\/wp\/v2\/posts\/117194\/revisions"}],"wp:featuredmedia":[{"embeddable":true,"href":"https:\/\/www.europesays.com\/fr\/wp-json\/wp\/v2\/media\/117195"}],"wp:attachment":[{"href":"https:\/\/www.europesays.com\/fr\/wp-json\/wp\/v2\/media?parent=117194"}],"wp:term":[{"taxonomy":"category","embeddable":true,"href":"https:\/\/www.europesays.com\/fr\/wp-json\/wp\/v2\/categories?post=117194"},{"taxonomy":"post_tag","embeddable":true,"href":"https:\/\/www.europesays.com\/fr\/wp-json\/wp\/v2\/tags?post=117194"}],"curies":[{"name":"wp","href":"https:\/\/api.w.org\/{rel}","templated":true}]}}