{"id":117200,"date":"2025-05-21T15:43:15","date_gmt":"2025-05-21T15:43:15","guid":{"rendered":"https:\/\/www.europesays.com\/fr\/117200\/"},"modified":"2025-05-21T15:43:15","modified_gmt":"2025-05-21T15:43:15","slug":"la-violence-sexuelle-exploite-les-relations-de-dependance-et-de-confiance-comment-lallemagne-lutte-contre-les-abus-dont-sont-victimes-les-enfants","status":"publish","type":"post","link":"https:\/\/www.europesays.com\/fr\/117200\/","title":{"rendered":"\u00ab\u00a0La violence sexuelle exploite les relations de d\u00e9pendance et\u00a0de confiance\u00a0\u00bb\u00a0: comment l\u2019Allemagne lutte contre les\u00a0abus dont sont victimes les enfants"},"content":{"rendered":"<p>Comment d\u00e9finissez-vous vos fonctions\u00a0?<\/p>\n<p>Je dois d\u2019abord livrer des rapports r\u00e9guliers sur l\u2019ampleur de la p\u00e9docriminalit\u00e9 dans le pays. Nous sommes \u00e9galement charg\u00e9s de veiller \u00e0 ce que la protection de l\u2019enfance et l\u2019aide aux personnes victimes de scandales sexuels soient prises en compte par les diff\u00e9rents minist\u00e8res\u00a0: la sant\u00e9, l\u2019\u00e9ducation, la justice. Mon mandat est politique et je peux donc m\u2019immiscer en continu dans l\u2019action du gouvernement pour tenter d\u2019am\u00e9liorer son action dans ce domaine. Preuve de son utilit\u00e9, ce poste sera ancr\u00e9 dans la loi \u00e0 compter du 1er juillet.<\/p>\n<p>Vous travaillez en lien avec le conseil des victimes dont veut s\u2019inspirer Fran\u00e7ois Bayrou pour la France\u00a0?<\/p>\n<p>Il existe ici depuis 2015. Les victimes doivent \u00eatre au centre de notre attention. Parce que c\u2019est la seule et la meilleure fa\u00e7on d\u2019apprendre \u00e0 mieux pr\u00e9venir les agressions. Et puis, elles ont besoin d\u2019\u00eatre vues, entendues et crues. C\u2019est le r\u00f4le du conseil scientifique de formuler des recommandations, \u00e0 partir des 3\u00a0000 t\u00e9moignages de victimes d\u00e9j\u00e0 entendues, afin de mieux prot\u00e9ger notre jeunesse.<\/p>\n<p>Votre poste a \u00e9t\u00e9 cr\u00e9\u00e9 en 2010, apr\u00e8s la r\u00e9v\u00e9lation de scandales comparables \u00e0 celui de B\u00e9tharram dans plusieurs \u00e9tablissements scolaires renomm\u00e9s. Quels enseignements peuvent-ils \u00eatre tir\u00e9s\u00a0?<\/p>\n<p>Les m\u00eames sch\u00e9mas de domination sont \u00e0 l\u2019\u0153uvre dans toutes ces affaires\u00a0: la violence sexuelle exploite les relations de d\u00e9pendance et de confiance. D\u2019abord au sein des familles et des amis. Et puis, bien s\u00fbr, dans les \u00c9glises, les \u00e9coles, le sport, etc. Avec le recul de ces 15 ann\u00e9es d\u2019exercice, nous avons aussi compris qu\u2019une approche politique \u00e9tait n\u00e9cessaire, appuy\u00e9e par une expertise qui aborde le sujet de mani\u00e8re globale.<\/p>\n<p>Et m\u00eame, au-del\u00e0 des fronti\u00e8res de l\u2019Allemagne\u00a0?<\/p>\n<p>Je manque d\u2019interlocuteurs dans les pays voisins et je ne comprends pas pourquoi, au niveau europ\u00e9en, nous n\u2019avons pas de structure politique mandat\u00e9e pour la protection de l\u2019enfance, un travail souvent d\u00e9l\u00e9gu\u00e9 \u00e0 des ONG. Regardez le num\u00e9rique\u00a0: il faut imposer des r\u00e8gles pour les op\u00e9rateurs \u00e0 l\u2019\u00e9chelle du continent. N\u2019importe quel enfant peut \u00eatre joignable par n\u2019importe qui, via la fonction de tchat des jeux vid\u00e9o. On ne sait pas ce que nos enfants, dont certains ont une tablette dans les mains \u00e0 quatre ou cinq ans, font sur Internet. Il faut r\u00e9ussir \u00e0 leur garantir des espaces s\u00e9curis\u00e9s, \u00e0 l\u2019abri des adultes malveillants.<\/p>\n<p>Les co\u00fbts freinent-ils les gouvernants\u00a0?<\/p>\n<p>Le budget pour notre structure d\u2019une trentaine d\u2019employ\u00e9s est de 12,3 millions d\u2019euros que nous investissons dans des campagnes de pr\u00e9vention. Et c\u2019est essentiel, par exemple, pour g\u00e9n\u00e9raliser les ateliers contre les violences sexuelles dans les \u00e9coles, \u0153uvrer \u00e0 \u00ab\u00a0d\u00e9stigmatiser\u00a0\u00bb les victimes, les accompagner. Tellement de vies bris\u00e9es, de carri\u00e8res interrompues qui n\u00e9cessitent des frais m\u00e9dicaux et tout ce qui fait d\u00e9faut \u00e0 la soci\u00e9t\u00e9 en termes de force de travail et de prestations dans les syst\u00e8mes sociaux. C\u2019est peu d\u2019argent d\u00e9pens\u00e9, au final.<\/p>\n","protected":false},"excerpt":{"rendered":"Comment d\u00e9finissez-vous vos fonctions\u00a0? Je dois d\u2019abord livrer des rapports r\u00e9guliers sur l\u2019ampleur de la p\u00e9docriminalit\u00e9 dans le&hellip;\n","protected":false},"author":2,"featured_media":117201,"comment_status":"","ping_status":"","sticky":false,"template":"","format":"standard","meta":{"footnotes":""},"categories":[1587],"tags":[11,672,1804,1805,1803,1777,674,1801,4075,74,12,10585,316,1802,18089],"class_list":{"0":"post-117200","1":"post","2":"type-post","3":"status-publish","4":"format-standard","5":"has-post-thumbnail","7":"category-allemagne","8":"tag-actualites","9":"tag-allemagne","10":"tag-bundesrepublik-deutschland","11":"tag-de","12":"tag-deutschland","13":"tag-eu","14":"tag-europe","15":"tag-germany","16":"tag-jeunesse","17":"tag-monde","18":"tag-news","19":"tag-petite-enfance","20":"tag-politique","21":"tag-republique-federale-dallemagne","22":"tag-selection-showcase"},"share_on_mastodon":{"url":"https:\/\/pubeurope.com\/@fr\/114546593242740259","error":""},"_links":{"self":[{"href":"https:\/\/www.europesays.com\/fr\/wp-json\/wp\/v2\/posts\/117200","targetHints":{"allow":["GET"]}}],"collection":[{"href":"https:\/\/www.europesays.com\/fr\/wp-json\/wp\/v2\/posts"}],"about":[{"href":"https:\/\/www.europesays.com\/fr\/wp-json\/wp\/v2\/types\/post"}],"author":[{"embeddable":true,"href":"https:\/\/www.europesays.com\/fr\/wp-json\/wp\/v2\/users\/2"}],"replies":[{"embeddable":true,"href":"https:\/\/www.europesays.com\/fr\/wp-json\/wp\/v2\/comments?post=117200"}],"version-history":[{"count":0,"href":"https:\/\/www.europesays.com\/fr\/wp-json\/wp\/v2\/posts\/117200\/revisions"}],"wp:featuredmedia":[{"embeddable":true,"href":"https:\/\/www.europesays.com\/fr\/wp-json\/wp\/v2\/media\/117201"}],"wp:attachment":[{"href":"https:\/\/www.europesays.com\/fr\/wp-json\/wp\/v2\/media?parent=117200"}],"wp:term":[{"taxonomy":"category","embeddable":true,"href":"https:\/\/www.europesays.com\/fr\/wp-json\/wp\/v2\/categories?post=117200"},{"taxonomy":"post_tag","embeddable":true,"href":"https:\/\/www.europesays.com\/fr\/wp-json\/wp\/v2\/tags?post=117200"}],"curies":[{"name":"wp","href":"https:\/\/api.w.org\/{rel}","templated":true}]}}