{"id":117206,"date":"2025-05-21T15:46:09","date_gmt":"2025-05-21T15:46:09","guid":{"rendered":"https:\/\/www.europesays.com\/fr\/117206\/"},"modified":"2025-05-21T15:46:09","modified_gmt":"2025-05-21T15:46:09","slug":"le-rapport-sur-lislamisme-en-france-en-dit-long-sur-bruno-retailleau-liberation","status":"publish","type":"post","link":"https:\/\/www.europesays.com\/fr\/117206\/","title":{"rendered":"Le rapport sur l\u2019islamisme en France en dit long\u2026 sur Bruno Retailleau \u2013 Lib\u00e9ration"},"content":{"rendered":"<p class=\"sc-ksZaOG ehjQrN text-element\">Comment g\u00e2cher un rapport potentiellement utile sur les <a href=\"https:\/\/www.liberation.fr\/societe\/religions\/freres-musulmans-ce-que-lon-sait-du-rapport-sur-lentrisme-presente-en-conseil-de-defense-20250520_RUS4HJ6F55DU7C5WMJ43U7U4L4\/?redirected=1\" target=\"_blank\" rel=\"nofollow noopener\" title=\"https:\/\/www.liberation.fr\/societe\/religions\/freres-musulmans-ce-que-lon-sait-du-rapport-sur-lentrisme-presente-en-conseil-de-defense-20250520_RUS4HJ6F55DU7C5WMJ43U7U4L4\/?redirected=1\">strat\u00e9gies d\u2019influence islamistes en France<\/a> ? En l\u2019instrumentalisant politiquement, en en tordant les conclusions et en sugg\u00e9rant des solutions absurdes. C\u2019est ce que s\u2019emploie \u00e0 faire <a href=\"https:\/\/www.liberation.fr\/politique\/presidence-de-lr-bruno-retailleau-lemporte-largement-face-a-laurent-wauquiez-20250518_V4SUVPZVNBHVXNMLZHPH4VXYZI\/\" target=\"_blank\" rel=\"noreferrer nofollow noopener\" title=\"https:\/\/www.liberation.fr\/politique\/presidence-de-lr-bruno-retailleau-lemporte-largement-face-a-laurent-wauquiez-20250518_V4SUVPZVNBHVXNMLZHPH4VXYZI\/\">Bruno Retailleau<\/a>, sans s\u2019encombrer de nuances. Pour le ministre de l\u2019Int\u00e9rieur, le travail des deux rapporteurs d\u00e9voile des r\u00e9seaux tentaculaires, une organisation secr\u00e8te, des quartiers islamis\u00e9s. Bruno Retailleau voit des Fr\u00e8res musulmans partout<\/p>\n","protected":false},"excerpt":{"rendered":"Comment g\u00e2cher un rapport potentiellement utile sur les strat\u00e9gies d\u2019influence islamistes en France ? En l\u2019instrumentalisant politiquement, en&hellip;\n","protected":false},"author":2,"featured_media":117207,"comment_status":"","ping_status":"","sticky":false,"template":"","format":"standard","meta":{"footnotes":""},"categories":[2],"tags":[11,1013,1011,27,12,25],"class_list":{"0":"post-117206","1":"post","2":"type-post","3":"status-publish","4":"format-standard","5":"has-post-thumbnail","7":"category-actualites","8":"tag-actualites","9":"tag-bruno-retailleau","10":"tag-fr","11":"tag-france","12":"tag-news","13":"tag-republique-francaise"},"share_on_mastodon":{"url":"https:\/\/pubeurope.com\/@fr\/114546605017923094","error":""},"_links":{"self":[{"href":"https:\/\/www.europesays.com\/fr\/wp-json\/wp\/v2\/posts\/117206","targetHints":{"allow":["GET"]}}],"collection":[{"href":"https:\/\/www.europesays.com\/fr\/wp-json\/wp\/v2\/posts"}],"about":[{"href":"https:\/\/www.europesays.com\/fr\/wp-json\/wp\/v2\/types\/post"}],"author":[{"embeddable":true,"href":"https:\/\/www.europesays.com\/fr\/wp-json\/wp\/v2\/users\/2"}],"replies":[{"embeddable":true,"href":"https:\/\/www.europesays.com\/fr\/wp-json\/wp\/v2\/comments?post=117206"}],"version-history":[{"count":0,"href":"https:\/\/www.europesays.com\/fr\/wp-json\/wp\/v2\/posts\/117206\/revisions"}],"wp:featuredmedia":[{"embeddable":true,"href":"https:\/\/www.europesays.com\/fr\/wp-json\/wp\/v2\/media\/117207"}],"wp:attachment":[{"href":"https:\/\/www.europesays.com\/fr\/wp-json\/wp\/v2\/media?parent=117206"}],"wp:term":[{"taxonomy":"category","embeddable":true,"href":"https:\/\/www.europesays.com\/fr\/wp-json\/wp\/v2\/categories?post=117206"},{"taxonomy":"post_tag","embeddable":true,"href":"https:\/\/www.europesays.com\/fr\/wp-json\/wp\/v2\/tags?post=117206"}],"curies":[{"name":"wp","href":"https:\/\/api.w.org\/{rel}","templated":true}]}}