{"id":117210,"date":"2025-05-21T15:48:08","date_gmt":"2025-05-21T15:48:08","guid":{"rendered":"https:\/\/www.europesays.com\/fr\/117210\/"},"modified":"2025-05-21T15:48:08","modified_gmt":"2025-05-21T15:48:08","slug":"mgr-dominique-blanchet-nomme-prelat-de-la-mission-de-france-ktotv","status":"publish","type":"post","link":"https:\/\/www.europesays.com\/fr\/117210\/","title":{"rendered":"Mgr Dominique Blanchet nomm\u00e9 Pr\u00e9lat de la Mission de France \u2014 KTOTV"},"content":{"rendered":"<p>Le pape L\u00e9on XIV a nomm\u00e9 Mgr Dominique Blanchet Pr\u00e9lat de la Mission de France ce 21 mai 2025. L&rsquo;\u00e9v\u00eaque de 59 ans demeure \u00e0 la t\u00eate du dioc\u00e8se de Cr\u00e9teil. Il prend la suite de Mgr Herv\u00e9 Giraud, dont le pape a accept\u00e9 la renonciation \u00e0 la t\u00eate de ce dioc\u00e8se particulier rassemblant des pr\u00eatres, des diacres et des la\u00efcs associ\u00e9s engag\u00e9s notamment dans le monde du travail.<\/p>\n<p>N\u00e9 le 15 f\u00e9vrier 1966 \u00e0 Cholet, Dominique Blanchet a \u00e9t\u00e9 ordonn\u00e9 pr\u00eatre le 27 juin 1999 pour le dioc\u00e8se d\u2019Angers, apr\u00e8s des \u00e9tudes en math\u00e9matiques et en g\u00e9nie des mat\u00e9riaux. Durant son minist\u00e8re, le p\u00e8re Blanchet a occup\u00e9 plusieurs postes \u00e0 responsabilit\u00e9 comme cur\u00e9 de paroisses, vicaire g\u00e9n\u00e9ral et d\u00e9l\u00e9gu\u00e9 \u00e9piscopal au service des jeunes, administrateur dioc\u00e9sain d\u2019Angers. Nomm\u00e9 \u00e9v\u00eaque de Belfort-Montb\u00e9liard le 21 mai 2015, il a \u00e9t\u00e9 consacr\u00e9 \u00e9v\u00eaque le 12 juillet suivant. En 2021, il a \u00e9t\u00e9 nomm\u00e9 \u00e9v\u00eaque de Cr\u00e9teil. Il est par ailleurs vice-pr\u00e9sident de la Conf\u00e9rence des \u00e9v\u00eaques de France, en fin de mandat.<\/p>\n<p>La c\u00e9l\u00e9bration d\u2019installation de Mgr Blanchet aura lieu le 12 juillet \u00e0 l\u2019abbatiale de Pontigny, \u00e9glise de la pr\u00e9lature territoriale de la Mission de France.<\/p>\n<p style=\"text-align:right\">Source I.Media<\/p>\n","protected":false},"excerpt":{"rendered":"Le pape L\u00e9on XIV a nomm\u00e9 Mgr Dominique Blanchet Pr\u00e9lat de la Mission de France ce 21 mai&hellip;\n","protected":false},"author":2,"featured_media":117211,"comment_status":"","ping_status":"","sticky":false,"template":"","format":"standard","meta":{"footnotes":""},"categories":[4],"tags":[11,1011,27,23780,23782,12,25,23781],"class_list":{"0":"post-117210","1":"post","2":"type-post","3":"status-publish","4":"format-standard","5":"has-post-thumbnail","7":"category-france","8":"tag-actualites","9":"tag-fr","10":"tag-france","11":"tag-kto","12":"tag-mgr-dominique-blanchet-nomme-prelat-de-la-mission-de-france","13":"tag-news","14":"tag-republique-francaise","15":"tag-television-catholique"},"share_on_mastodon":{"url":"https:\/\/pubeurope.com\/@fr\/114546612859229702","error":""},"_links":{"self":[{"href":"https:\/\/www.europesays.com\/fr\/wp-json\/wp\/v2\/posts\/117210","targetHints":{"allow":["GET"]}}],"collection":[{"href":"https:\/\/www.europesays.com\/fr\/wp-json\/wp\/v2\/posts"}],"about":[{"href":"https:\/\/www.europesays.com\/fr\/wp-json\/wp\/v2\/types\/post"}],"author":[{"embeddable":true,"href":"https:\/\/www.europesays.com\/fr\/wp-json\/wp\/v2\/users\/2"}],"replies":[{"embeddable":true,"href":"https:\/\/www.europesays.com\/fr\/wp-json\/wp\/v2\/comments?post=117210"}],"version-history":[{"count":0,"href":"https:\/\/www.europesays.com\/fr\/wp-json\/wp\/v2\/posts\/117210\/revisions"}],"wp:featuredmedia":[{"embeddable":true,"href":"https:\/\/www.europesays.com\/fr\/wp-json\/wp\/v2\/media\/117211"}],"wp:attachment":[{"href":"https:\/\/www.europesays.com\/fr\/wp-json\/wp\/v2\/media?parent=117210"}],"wp:term":[{"taxonomy":"category","embeddable":true,"href":"https:\/\/www.europesays.com\/fr\/wp-json\/wp\/v2\/categories?post=117210"},{"taxonomy":"post_tag","embeddable":true,"href":"https:\/\/www.europesays.com\/fr\/wp-json\/wp\/v2\/tags?post=117210"}],"curies":[{"name":"wp","href":"https:\/\/api.w.org\/{rel}","templated":true}]}}