{"id":117216,"date":"2025-05-21T15:52:08","date_gmt":"2025-05-21T15:52:08","guid":{"rendered":"https:\/\/www.europesays.com\/fr\/117216\/"},"modified":"2025-05-21T15:52:08","modified_gmt":"2025-05-21T15:52:08","slug":"atp-alcaraz-na-pas-envoye-de-message-a-sinner-pendant-sa-suspension-il-ne-peut-pas-y-avoir-de-veritable-amitie-entre-eux-affirme-paolo-bertolucci","status":"publish","type":"post","link":"https:\/\/www.europesays.com\/fr\/117216\/","title":{"rendered":"ATP > \u00ab\u00a0Alcaraz n&rsquo;a pas envoy\u00e9 de message \u00e0 Sinner pendant sa suspension ? Il ne peut pas y avoir de v\u00e9ritable amiti\u00e9 entre eux\u00a0\u00bb, affirme Paolo Bertolucci"},"content":{"rendered":"<p>Avec la riva\u00adlit\u00e9 entre Carlos Alcaraz et Jannik Sinner qui prend de plus en plus d\u2019am\u00adpleur, les fans appr\u00e9\u00adcient sp\u00e9culer sur leur relation.<\/p>\n<p>Si la d\u00e9cla\u00adra\u00adtion de l\u2019Espagnol, <a href=\"https:\/\/www.welovetennis.fr\/atp\/atp-rome\/alcaraz-sur-sinner-avant-leur-finale-je-ne-lui-ai-pas-parle-pendant-sa-suspension-et-je-comprends-quil-se-sente-un-peu-decu-que-certains-joueurs-naient-pas-ete-la-pour-lui-mais-nous-ne-sommes\" data-wpel-link=\"internal\" rel=\"nofollow noopener\" target=\"_blank\">affir\u00admant ne pas avoir pris de nouvelles du num\u00e9ro un mondial pendant sa suspen\u00adsion<\/a> en a surpris certains, Paolo Bertolucci a tenu \u00e0 remettre les choses au clair sur cette situa\u00adtion. Pour l\u2019an\u00adcien 12e joueur mondial, il est illu\u00adsoire de penser que les deux joueurs puissent \u00eatre proches en dehors des courts, \u00e9tant donn\u00e9 que les deux se disputent pour imposer son h\u00e9g\u00e9\u00admonie sur le circuit ATP.<\/p>\n<p><strong>\u00ab\u202fLes gens veulent soit l\u2019amiti\u00e9, soit la guerre. Mais ce n\u2019est pas le cas. Il ne peut y avoir de v\u00e9ri\u00adtable amiti\u00e9, comme celle que l\u2019on a quand on est enfant. Ici, il y a une riva\u00adlit\u00e9, une riva\u00adlit\u00e9 profonde, parce qu\u2019ils se disputent la premi\u00e8re place mondiale\u00a0: ce n\u2019est pas anodin. Mais il y a aussi un profond respect, parce qu\u2019ils connaissent bien les sacri\u00adfices qu\u2019ils ont faits pour arriver \u00e0 ce niveau. Les r\u00e9ac\u00adtions sur le fait qu\u2019Alcaraz n\u2019a pas pris de nouvelles de Sinner pendant sa suspen\u00adsion\u202f? Ce sont des conne\u00adries\u202f\u00bb<\/strong>, a comment\u00e9 l\u2019Italien, dans un entre\u00adtien accord\u00e9 \u00e0 <a href=\"https:\/\/www.fanpage.it\/sport\/tennis\/bertolucci-sinner-e-alcaraz-non-possono-essere-amici-ma-la-storia-dei-messaggi-e-una-cavolata\/\" data-wpel-link=\"external\" target=\"_blank\" rel=\"nofollow external noopener\">Fanpage.it<\/a>.<\/p>\n<p class=\"post-published-date\" style=\"color: silver; font-size: 75%; text-align: left;\">Publi\u00e9 le mercredi 21 mai 2025 \u00e0 15:17<\/p>\n","protected":false},"excerpt":{"rendered":"Avec la riva\u00adlit\u00e9 entre Carlos Alcaraz et Jannik Sinner qui prend de plus en plus d\u2019am\u00adpleur, les fans&hellip;\n","protected":false},"author":2,"featured_media":111256,"comment_status":"","ping_status":"","sticky":false,"template":"","format":"standard","meta":{"footnotes":""},"categories":[1415],"tags":[1744,1011,27,2127,60,1467],"class_list":{"0":"post-117216","1":"post","2":"type-post","3":"status-publish","4":"format-standard","5":"has-post-thumbnail","7":"category-tennis","8":"tag-alcaraz","9":"tag-fr","10":"tag-france","11":"tag-sinner","12":"tag-sports","13":"tag-tennis"},"share_on_mastodon":{"url":"https:\/\/pubeurope.com\/@fr\/114546628546956673","error":""},"_links":{"self":[{"href":"https:\/\/www.europesays.com\/fr\/wp-json\/wp\/v2\/posts\/117216","targetHints":{"allow":["GET"]}}],"collection":[{"href":"https:\/\/www.europesays.com\/fr\/wp-json\/wp\/v2\/posts"}],"about":[{"href":"https:\/\/www.europesays.com\/fr\/wp-json\/wp\/v2\/types\/post"}],"author":[{"embeddable":true,"href":"https:\/\/www.europesays.com\/fr\/wp-json\/wp\/v2\/users\/2"}],"replies":[{"embeddable":true,"href":"https:\/\/www.europesays.com\/fr\/wp-json\/wp\/v2\/comments?post=117216"}],"version-history":[{"count":0,"href":"https:\/\/www.europesays.com\/fr\/wp-json\/wp\/v2\/posts\/117216\/revisions"}],"wp:featuredmedia":[{"embeddable":true,"href":"https:\/\/www.europesays.com\/fr\/wp-json\/wp\/v2\/media\/111256"}],"wp:attachment":[{"href":"https:\/\/www.europesays.com\/fr\/wp-json\/wp\/v2\/media?parent=117216"}],"wp:term":[{"taxonomy":"category","embeddable":true,"href":"https:\/\/www.europesays.com\/fr\/wp-json\/wp\/v2\/categories?post=117216"},{"taxonomy":"post_tag","embeddable":true,"href":"https:\/\/www.europesays.com\/fr\/wp-json\/wp\/v2\/tags?post=117216"}],"curies":[{"name":"wp","href":"https:\/\/api.w.org\/{rel}","templated":true}]}}