{"id":117219,"date":"2025-05-21T15:55:10","date_gmt":"2025-05-21T15:55:10","guid":{"rendered":"https:\/\/www.europesays.com\/fr\/117219\/"},"modified":"2025-05-21T15:55:10","modified_gmt":"2025-05-21T15:55:10","slug":"je-nai-peur-daucune-piste","status":"publish","type":"post","link":"https:\/\/www.europesays.com\/fr\/117219\/","title":{"rendered":"Je n&rsquo;ai peur d&rsquo;aucune piste"},"content":{"rendered":"<p>Apr\u00e8s avoir perdu de pr\u00e9cieux points avec ses chutes \u00e0 Austin et Jerez, <a href=\"https:\/\/fr.motorsport.com\/driver\/marc-marquez\/92646\/\" target=\"_blank\" rel=\"noopener\">Marc M\u00e1rquez<\/a> a fait la tr\u00e8s bonne op\u00e9ration au Mans. <a href=\"https:\/\/fr.motorsport.com\/driver\/pecco-bagnaia\/109394\/\" target=\"_blank\" rel=\"noopener\">Pecco Bagnaia<\/a> n&rsquo;a inscrit aucun point au cours du week-end et <a href=\"https:\/\/fr.motorsport.com\/driver\/alex-marquez\/96324\/\" target=\"_blank\" rel=\"noopener\">\u00c1lex M\u00e1rquez<\/a>, arriv\u00e9 en t\u00eate avec un point d&rsquo;avance sur son fr\u00e8re, a pris la deuxi\u00e8me place du sprint mais a chut\u00e9 en course principale. Le pilote Gresini se retrouve \u00e0 22 points de son a\u00een\u00e9 au <a href=\"https:\/\/fr.motorsport.com\/motogp\/standings\/2025\/\" target=\"_blank\" rel=\"noopener\">championnat<\/a>, tandis que Bagnaia est rel\u00e9gu\u00e9 \u00e0 51 unit\u00e9s.<\/p>\n<p>Depuis le d\u00e9but de la saison, Marc M\u00e1rquez a montr\u00e9 sa pointe de vitesse sur tous les terrains\u00a0: les circuits sur lesquels il \u00e9tait tr\u00e8s attendu, comme Austin, mais aussi ceux qu&rsquo;il redoutait, \u00e0 l&rsquo;image de Losail, o\u00f9 il a remport\u00e9 les deux courses. Avant le week-end du GP du Qatar, il annon\u00e7ait qu&rsquo;il y <a href=\"https:\/\/fr.motorsport.com\/motogp\/news\/marc-marquez-qatar-bon-test-niveau-reel\/10711604\/\" target=\"_blank\" rel=\"noopener\">verrait un bon barom\u00e8tre de son niveau r\u00e9el<\/a>.<\/p>\n<p>\u00ab\u00a0On a montr\u00e9 une bonne vitesse sur tous les circuits\u00a0\u00bb, a ainsi soulign\u00e9 le pilote Ducati en conf\u00e9rence de presse apr\u00e8s sa deuxi\u00e8me place au Mans. \u00ab\u00a0Le Qatar a \u00e9t\u00e9 un des Grands Prix les plus importants pour moi.\u00a0\u00bb<\/p>\n<p>M\u00e1rquez est surtout \u00e0 l&rsquo;aise sur les circuits dans le sens anti-horaire, avec <a href=\"https:\/\/fr.motorsport.com\/motogp\/news\/marc-marquez-declic-redoutable-ducati\/10683559\/\" target=\"_blank\" rel=\"noopener\">de nombreux virages sur la gauche<\/a>, mais ses performances dans la premi\u00e8re partie du championnat lui ont permis de gagner confiance sur tous les types de trac\u00e9s. Bien que conscient qu&rsquo;il ne pourra pas dominer tous les week-ends, l&rsquo;Espagnol s&rsquo;\u00e9loigne de la prudence affich\u00e9e depuis le debut de la saison et affiche sa confiance lorsqu&rsquo;il est interrog\u00e9 sur les circuits o\u00f9 il pourrait souffrir le plus\u00a0: \u00ab\u00a0Nulle part. C&rsquo;est l&rsquo;objectif.\u00a0\u00bb<\/p>\n<p>\u00ab\u00a0\u00c9videmment, il va y avoir des pistes sur lesquelles je vais \u00eatre en difficult\u00e9 mais je ne vais pas y arriver en me disant, avant le week-end, que j&rsquo;y serai en difficult\u00e9. Je le verrai apr\u00e8s la premi\u00e8re journ\u00e9e. Apr\u00e8s le GP du Qatar, qui a \u00e9t\u00e9 tr\u00e8s exigeant pour moi, mais qui s&rsquo;est sold\u00e9 par un succ\u00e8s, je n&rsquo;ai peur d&rsquo;aucune piste. Il va y en avoir, oui, mais il faudra le comprendre.\u00a0\u00bb<\/p>\n<p>\u00ab\u00a0Maintenant on a pris ce petit avantage donc le principal objectif va \u00eatre d&rsquo;essayer de ne pas le g\u00e2cher comme on l&rsquo;a fait \u00e0 Austin et \u00e0 Jerez.\u00a0\u00bb<\/p>\n<p>   <img decoding=\"async\" draggable=\"false\" src=\"https:\/\/www.europesays.com\/fr\/wp-content\/uploads\/2025\/05\/1747842910_934_marc-marquez-ducati-team.jpg\" alt=\"Marc Marquez, Ducati Team\" width=\"1200\" height=\"800\" loading=\"lazy\"\/> <\/p>\n<p class=\"title\">Marc M\u00e1rquez<\/p>\n<p class=\"photographer\">Photo de: Ducati Corse<\/p>\n<p>Une bonne \u00e9valuation de cette approche sera possible ce week-end puisque le MotoGP se rend \u00e0 Silverstone, l&rsquo;un des circuits qui a le moins r\u00e9ussi \u00e0 M\u00e1rquez au cours de sa carri\u00e8re. Il n&rsquo;y a d\u00e9croch\u00e9 qu&rsquo;un seul succ\u00e8s, en 2014. Parmi les autres circuits actuellement au calendrier, il n&rsquo;y a qu&rsquo;au Mugello qu&rsquo;il n&rsquo;a gagn\u00e9 qu&rsquo;une fois, tandis qu&rsquo;il ne s&rsquo;est jamais impos\u00e9 au Red Bull Ring, \u00e0 Mandalika et \u00e0 Portim\u00e3o, les deux derniers \u00e9tant apparus apr\u00e8s la blessure au bras qui l&rsquo;a \u00e9loign\u00e9 des premi\u00e8res places.<\/p>\n<p>Le pilote Ducati esp\u00e8re jouer les premiers r\u00f4les ce week-end, m\u00eame s&rsquo;il se m\u00e9fie notamment de son fr\u00e8re\u00a0: \u00ab\u00a0Je m&rsquo;attends \u00e0 ce qu&rsquo;\u00c1lex y soit super fort. Normalement, pour son style de pilotage, ce sera mieux [que Le Mans]. Donc on verra si on arrive \u00e0 \u00eatre proches des premiers, ce sera l&rsquo;objectif, et pour moi l&rsquo;objectif le plus important sera de reconfirmer ce qu&rsquo;on a essay\u00e9 au test de Jerez et [au Mans]. On verra \u00e0 Silverstone si \u00e7a fonctionne parce que c&rsquo;est un trac\u00e9 et un pilotage qui sont compl\u00e8tement diff\u00e9rents.\u00a0\u00bb<\/p>\n<p style=\"text-align: right;\">Avec L\u00e9na Buffa<\/p>\n<p>Lire aussi :<\/p>\n<p>Dans cet article<\/p>\n<p>    Vincent Lalanne-Sicaud\n<\/p>\n<p>    MotoGP\n<\/p>\n<p>    Marc M\u00e1rquez\n<\/p>\n<p>    Ducati Team\n<\/p>\n<p>Soyez le premier inform\u00e9 et souscrivez aux alertes mails pour recevoir les infos en temps r\u00e9el<\/p>\n<p>    S&rsquo;abonner aux alertes de news<\/p>\n","protected":false},"excerpt":{"rendered":"Apr\u00e8s avoir perdu de pr\u00e9cieux points avec ses chutes \u00e0 Austin et Jerez, Marc M\u00e1rquez a fait la&hellip;\n","protected":false},"author":2,"featured_media":117220,"comment_status":"","ping_status":"","sticky":false,"template":"","format":"standard","meta":{"footnotes":""},"categories":[1412],"tags":[4950,1451,1452,1453,1454,1455,1011,27,23124,5038,1458,23125,60],"class_list":{"0":"post-117219","1":"post","2":"type-post","3":"status-publish","4":"format-standard","5":"has-post-thumbnail","7":"category-f1","8":"tag-ducati-team","9":"tag-f1","10":"tag-formula-1","11":"tag-formula1","12":"tag-formule-1","13":"tag-formule1","14":"tag-fr","15":"tag-france","16":"tag-gp-de-grande-bretagne","17":"tag-marc-mu00e1rquez","18":"tag-motogp","19":"tag-silverstone","20":"tag-sports"},"share_on_mastodon":{"url":"https:\/\/pubeurope.com\/@fr\/114546640389134359","error":""},"_links":{"self":[{"href":"https:\/\/www.europesays.com\/fr\/wp-json\/wp\/v2\/posts\/117219","targetHints":{"allow":["GET"]}}],"collection":[{"href":"https:\/\/www.europesays.com\/fr\/wp-json\/wp\/v2\/posts"}],"about":[{"href":"https:\/\/www.europesays.com\/fr\/wp-json\/wp\/v2\/types\/post"}],"author":[{"embeddable":true,"href":"https:\/\/www.europesays.com\/fr\/wp-json\/wp\/v2\/users\/2"}],"replies":[{"embeddable":true,"href":"https:\/\/www.europesays.com\/fr\/wp-json\/wp\/v2\/comments?post=117219"}],"version-history":[{"count":0,"href":"https:\/\/www.europesays.com\/fr\/wp-json\/wp\/v2\/posts\/117219\/revisions"}],"wp:featuredmedia":[{"embeddable":true,"href":"https:\/\/www.europesays.com\/fr\/wp-json\/wp\/v2\/media\/117220"}],"wp:attachment":[{"href":"https:\/\/www.europesays.com\/fr\/wp-json\/wp\/v2\/media?parent=117219"}],"wp:term":[{"taxonomy":"category","embeddable":true,"href":"https:\/\/www.europesays.com\/fr\/wp-json\/wp\/v2\/categories?post=117219"},{"taxonomy":"post_tag","embeddable":true,"href":"https:\/\/www.europesays.com\/fr\/wp-json\/wp\/v2\/tags?post=117219"}],"curies":[{"name":"wp","href":"https:\/\/api.w.org\/{rel}","templated":true}]}}