{"id":117221,"date":"2025-05-21T15:56:12","date_gmt":"2025-05-21T15:56:12","guid":{"rendered":"https:\/\/www.europesays.com\/fr\/117221\/"},"modified":"2025-05-21T15:56:12","modified_gmt":"2025-05-21T15:56:12","slug":"ronde-de-lisard-et-1-huw-buck-jones-1er-directvelo","status":"publish","type":"post","link":"https:\/\/www.europesays.com\/fr\/117221\/","title":{"rendered":"Ronde de l&#039;Isard &#8211; Et. 1 : Huw Buck Jones 1er &#8211; DirectVelo"},"content":{"rendered":"<ol>\n<li><a href=\"https:\/\/news.google.com\/rss\/articles\/CBMiiwFBVV95cUxPRWVJd0R3U1VFVkttcTZIbzk5aldEZDQzM2pEZUpRbmVwTGd0Tm83YWU0aEE2eG1RNzZhUGttQ0tBcGoxWTFMSUpkMnlZS3JvdTRUTmtJZmpnUjZZQVdSV25iclZveW1QSUJ6c0tkemZTbVpIemtHMGhxdmlwWVQxYjJWWENibGYySS1J?oc=5\" target=\"_blank\" rel=\"noopener\">Ronde de l&rsquo;Isard &#8211; Et. 1 : Huw Buck Jones 1er<\/a>&nbsp;&nbsp;DirectVelo<\/li>\n<li><a href=\"https:\/\/news.google.com\/rss\/articles\/CBMiggFBVV95cUxNeElqdDBjYm9JRnQ4ZVUxbzgwd1BfRnJ5U3VOeVRkZWpRdW9LcDJiLVlDT1E1Y01FQTViT0piS3B4TEwtQUUtelFZczFGSFVuc1NjYWVXQ2RhOXZYTTRRYXowRUNNOU1rZ1JLaUJ2cS1TUzU2cHZTVGFVWU02NnpRazR3?oc=5\" target=\"_blank\" rel=\"noopener\">Ronde de l&rsquo;Isard &#8211; Et. 1 : Classements<\/a>&nbsp;&nbsp;DirectVelo<\/li>\n<li><a href=\"https:\/\/news.google.com\/rss\/articles\/CBMi-gFBVV95cUxQYWpBVDBheXJOSW9kMGN6QzFONHhEZnhzbVhyUjRpX1RSWVkxazhhaUZOdGVndnhhWk9SZGRMUG5wWWVwdmotaGdSUndBckU1SEp6STd3U3ZmNk5zWjM4eWhNVkY0UmxDbXZJT241WFUzRU5iR2tMQWVIWHpibEdaeWF5NGNPSThUeVdlNGdBWVFMU3ZsX1NIbm5qbF9yelNCSWhhVmlnLW9mS19LNWxXTEMydGxDTXY0Uy0zemdlQ2dvVnJaeXY1Ny1sMEJKLXZYZjEzTUwzODFDNzd5QnFTejd3RUI1NFdtMTlOOXhCYXlwZVdzNVlpVV93?oc=5\" target=\"_blank\" rel=\"noopener\">Avant le Tour de France, une grande course cycliste d\u00e9bute en Haute-Garonne : voici les communes concern\u00e9es<\/a>&nbsp;&nbsp;Actu.fr<\/li>\n<li><a href=\"https:\/\/news.google.com\/rss\/articles\/CBMi_gFBVV95cUxQZVh1ME1hYThONUFkRGh5bkVFN3hYZkhMcjZMRjFZeVp6aUdZUW0zSlRKSHFycG9EQnNLRmlPYnFRQnpGRF9fSThkTXlnbG9fQTBJSUpWVVZGTTAxUF8zN19VQ3UzOG1FSXBwMGZDNndyVGhvZl9tNDBCN1J1WW05ZldRYjZaS2swaWRaX3NvY1htVW9ydmNzYUFtTmhNckhvRVEyb1VGcHR5WmptSTFqdzltNG44QzlfQVVOV3YwUnltMGVscUtiMDk2SEFOVnYxVXF3MHIyS0gzejVKelotT2I5SzVGdGZhMVotVlVnS1RKUmtDRXR0Y3ViUVhpZw?oc=5\" target=\"_blank\" rel=\"noopener\">Des goodies et du c\u0153ur : l\u2019AASV mobilis\u00e9e d\u00e8s le 21 mai sur les \u00e9tapes de la Ronde de l\u2019Isard entre Gers et Hautes-Pyr\u00e9n\u00e9es<\/a>&nbsp;&nbsp;ladepeche.fr<\/li>\n<li><a href=\"https:\/\/news.google.com\/rss\/articles\/CBMikwFBVV95cUxNdTJBemNEcGFjTkROMzZOWllpcHZyUFRFa0luQkN1a1hsMlRtUUlvelpaOC1vQU95ZklWWHpfWnBtcEpncnZFcHU5Y05VSTlTeE9uM18teGw2TFVaX0RidW1sWUJETmVleUhjTU1MRUl1N2llQUt5OFZUSHBJSmc4WTNqSFg4WUlfcTlLbjNzMUw3X2M?oc=5\" target=\"_blank\" rel=\"noopener\">Cyclisme. La jeune classe de Bourg \u00e0 l\u2019\u00e9preuve de l\u2019Isard<\/a>&nbsp;&nbsp;Le Progr\u00e8s<\/li>\n<\/ol>\n","protected":false},"excerpt":{"rendered":"Ronde de l&rsquo;Isard &#8211; Et. 1 : Huw Buck Jones 1er&nbsp;&nbsp;DirectVelo Ronde de l&rsquo;Isard &#8211; Et. 1 :&hellip;\n","protected":false},"author":2,"featured_media":117222,"comment_status":"","ping_status":"","sticky":false,"template":"","format":"standard","meta":{"footnotes":""},"categories":[1411],"tags":[834,828,836,829,837,827,83,826,824,823,1154,207,814,817,815,816,822,821,832,211,839,1011,27,820,818,819,835,831,830,833,838,60,212,208,825],"class_list":{"0":"post-117221","1":"post","2":"type-post","3":"status-publish","4":"format-standard","5":"has-post-thumbnail","7":"category-cyclisme","8":"tag-attaque","9":"tag-belgique","10":"tag-braquet","11":"tag-bretagne","12":"tag-chute","13":"tag-competition","14":"tag-coupe-de-france","15":"tag-coureur","16":"tag-course-cyclisme","17":"tag-course-cycliste","18":"tag-cycling","19":"tag-cyclisme","20":"tag-direct","21":"tag-direct-velo","22":"tag-directvelo","23":"tag-directvelo-com","24":"tag-epreuve","25":"tag-epreuve-cycliste","26":"tag-federation-francaise-de-cyclisme","27":"tag-ffc","28":"tag-flandres","29":"tag-fr","30":"tag-france","31":"tag-live","32":"tag-live-course","33":"tag-live-epreuve","34":"tag-peloton","35":"tag-radio-peloton","36":"tag-radio-tour","37":"tag-ravitaillement","38":"tag-relance","39":"tag-sports","40":"tag-uci","41":"tag-velo","42":"tag-velos"},"share_on_mastodon":{"url":"https:\/\/pubeurope.com\/@fr\/114546644402707799","error":""},"_links":{"self":[{"href":"https:\/\/www.europesays.com\/fr\/wp-json\/wp\/v2\/posts\/117221","targetHints":{"allow":["GET"]}}],"collection":[{"href":"https:\/\/www.europesays.com\/fr\/wp-json\/wp\/v2\/posts"}],"about":[{"href":"https:\/\/www.europesays.com\/fr\/wp-json\/wp\/v2\/types\/post"}],"author":[{"embeddable":true,"href":"https:\/\/www.europesays.com\/fr\/wp-json\/wp\/v2\/users\/2"}],"replies":[{"embeddable":true,"href":"https:\/\/www.europesays.com\/fr\/wp-json\/wp\/v2\/comments?post=117221"}],"version-history":[{"count":0,"href":"https:\/\/www.europesays.com\/fr\/wp-json\/wp\/v2\/posts\/117221\/revisions"}],"wp:featuredmedia":[{"embeddable":true,"href":"https:\/\/www.europesays.com\/fr\/wp-json\/wp\/v2\/media\/117222"}],"wp:attachment":[{"href":"https:\/\/www.europesays.com\/fr\/wp-json\/wp\/v2\/media?parent=117221"}],"wp:term":[{"taxonomy":"category","embeddable":true,"href":"https:\/\/www.europesays.com\/fr\/wp-json\/wp\/v2\/categories?post=117221"},{"taxonomy":"post_tag","embeddable":true,"href":"https:\/\/www.europesays.com\/fr\/wp-json\/wp\/v2\/tags?post=117221"}],"curies":[{"name":"wp","href":"https:\/\/api.w.org\/{rel}","templated":true}]}}