{"id":117244,"date":"2025-05-21T16:09:09","date_gmt":"2025-05-21T16:09:09","guid":{"rendered":"https:\/\/www.europesays.com\/fr\/117244\/"},"modified":"2025-05-21T16:09:09","modified_gmt":"2025-05-21T16:09:09","slug":"plus-de-49-000-personnes-arretees-depuis-2022-pour-avoir-tente-de-fuir-le-pays","status":"publish","type":"post","link":"https:\/\/www.europesays.com\/fr\/117244\/","title":{"rendered":"plus de 49.000 personnes arr\u00eat\u00e9es depuis 2022 pour avoir tent\u00e9 de fuir le pays"},"content":{"rendered":"<p>Les hommes ukrainiens \u00e2g\u00e9s de 18 \u00e0 60 ans ont interdiction de quitter leur pays, sauf exception. Ceux qui veulent \u00e9chapper \u00e0 la mobilisation militaire franchissent donc la fronti\u00e8re ill\u00e9galement, parfois au p\u00e9ril de leur vie.<\/p>\n<p class=\"fig-paragraph\">Plus de 49.000 personnes ont \u00e9t\u00e9 arr\u00eat\u00e9es en\u00a0<a href=\"http:\/\/www.lefigaro.fr\/international\/ukraine-defense-donald-trump-met-les-europeens-au-pied-du-mur-20250520\" data-fig-type=\"Article\" data-gtm-custom-categorie=\"navigation\" data-gtm-custom-action=\"crossclick\" data-gtm-custom-label=\"Contextuel\" data-gtm-event=\"customEventSPE\" data-fig-domain=\"LEFIGARO\" rel=\"nofollow noopener\" target=\"_blank\">Ukraine\u00a0<\/a>pour avoir tent\u00e9 de\u00a0<a href=\"http:\/\/www.lefigaro.fr\/international\/il-ne-reste-plus-que-les-vieillards-incapables-de-fuir-le-soudan-face-au-risque-d-une-nouvelle-fragmentation-du-pays-20250414\" data-fig-type=\"Article\" data-gtm-custom-categorie=\"navigation\" data-gtm-custom-action=\"crossclick\" data-gtm-custom-label=\"Contextuel\" data-gtm-event=\"customEventSPE\" data-fig-domain=\"LEFIGARO\" rel=\"nofollow noopener\" target=\"_blank\">fuir le pays<\/a>\u00a0en franchissant ill\u00e9galement la fronti\u00e8re depuis le d\u00e9but de la loi martiale impos\u00e9e en 2022 en raison de\u00a0<a href=\"http:\/\/www.lefigaro.fr\/flash-eco\/trois-ans-apres-l-invasion-russe-comment-l-economie-ukrainienne-resiste-20250513\" data-fig-type=\"NewsFlash\" data-gtm-custom-categorie=\"navigation\" data-gtm-custom-action=\"crossclick\" data-gtm-custom-label=\"Contextuel\" data-gtm-event=\"customEventSPE\" data-fig-domain=\"LEFIGARO\" rel=\"nofollow noopener\" target=\"_blank\">l&rsquo;invasion russe<\/a>, a rapport\u00e9 ce mercredi le service des gardes-fronti\u00e8res.<\/p>\n<p class=\"fig-paragraph\">Les hommes ukrainiens \u00e2g\u00e9s de 18 \u00e0 60 ans ont interdiction de quitter leur pays, sauf exception. Ceux qui veulent \u00e9chapper \u00e0 la mobilisation militaire franchissent donc la fronti\u00e8re ill\u00e9galement, parfois au p\u00e9ril de leur vie.<\/p>\n<p class=\"fig-paragraph\">\u00abDepuis le 24 f\u00e9vrier 2022, environ 45.000 citoyens ukrainiens, des hommes \u00e2g\u00e9s de 18 \u00e0 60 ans, ont \u00e9t\u00e9 arr\u00eat\u00e9s par le Service national des gardes-fronti\u00e8res\u00bb alors qu&rsquo;ils tentaient de quitter le pays en secret, a indiqu\u00e9 \u00e0 l&rsquo;AFP son porte-parole, Andri\u00ef Demtchenko. \u00abPr\u00e8s de 4.000\u00bb personnes suppl\u00e9mentaires ont aussi \u00e9t\u00e9 arr\u00eat\u00e9es pour avoir tent\u00e9 de franchir la fronti\u00e8re via des points de passage l\u00e9gaux mais \u00ab\u00e0 l&rsquo;aide de faux documents\u00bb, a pr\u00e9cis\u00e9 ce responsable.<\/p>\n<p>Un syst\u00e8me de mobilisation tr\u00e8s critiqu\u00e9<\/p>\n<p class=\"fig-paragraph\">La plupart des Ukrainiens tentant de fuir passent par la r\u00e9gion occidentale de Transcarpatie, recouverte de montagnes et de for\u00eats, une zone poreuse frontali\u00e8re de la Roumanie et de la Hongrie, qui a \u00e9t\u00e9 longtemps au centre de divers trafics. Depuis le d\u00e9but de l&rsquo;invasion russe de l&rsquo;Ukraine en f\u00e9vrier 2022, Kiev tente de lutter contre des r\u00e9seaux de passeurs ill\u00e9gaux.<\/p>\n<p class=\"fig-paragraph\">En janvier, la police ukrainienne avait annonc\u00e9 avoir effectu\u00e9 \u00abplus de 600 perquisitions\u00bb pour arr\u00eater des organisateurs qui ont aid\u00e9 \u00abdes centaines d&rsquo;hommes\u00bb \u00e0 franchir la fronti\u00e8re ill\u00e9galement.<\/p>\n<p class=\"fig-paragraph\">\u00c9maill\u00e9 de scandales, le syst\u00e8me de mobilisation militaire est tr\u00e8s critiqu\u00e9 en Ukraine et largement consid\u00e9r\u00e9 comme inefficace, corrompu et injuste, ce qui a pouss\u00e9 le pr\u00e9sident<a href=\"http:\/\/www.lefigaro.fr\/international\/minerais-zelensky-salue-l-accord-veritablement-equitable-signe-avec-washington-20250501\" data-fig-type=\"NewsFlash\" data-gtm-custom-categorie=\"navigation\" data-gtm-custom-action=\"crossclick\" data-gtm-custom-label=\"Contextuel\" data-gtm-event=\"customEventSPE\" data-fig-domain=\"LEFIGARO\" rel=\"nofollow noopener\" target=\"_blank\">\u00a0Volodymyr Zelensky<\/a>\u00a0\u00e0 limoger en 2023 tous les responsables r\u00e9gionaux charg\u00e9s de la mobilisation.<\/p>\n","protected":false},"excerpt":{"rendered":"Les hommes ukrainiens \u00e2g\u00e9s de 18 \u00e0 60 ans ont interdiction de quitter leur pays, sauf exception. Ceux&hellip;\n","protected":false},"author":2,"featured_media":117245,"comment_status":"","ping_status":"","sticky":false,"template":"","format":"standard","meta":{"footnotes":""},"categories":[5],"tags":[259,11,260,1011,27,131,14,261,12,262,28],"class_list":{"0":"post-117244","1":"post","2":"type-post","3":"status-publish","4":"format-standard","5":"has-post-thumbnail","7":"category-international","8":"tag-actualite-internationale","9":"tag-actualites","10":"tag-affaires-etrangeres","11":"tag-fr","12":"tag-france","13":"tag-guerre-en-ukraine","14":"tag-international","15":"tag-ministere-des-affaires-etrangeres","16":"tag-news","17":"tag-politique-etrangere","18":"tag-world"},"share_on_mastodon":{"url":"https:\/\/pubeurope.com\/@fr\/114546695404589478","error":""},"_links":{"self":[{"href":"https:\/\/www.europesays.com\/fr\/wp-json\/wp\/v2\/posts\/117244","targetHints":{"allow":["GET"]}}],"collection":[{"href":"https:\/\/www.europesays.com\/fr\/wp-json\/wp\/v2\/posts"}],"about":[{"href":"https:\/\/www.europesays.com\/fr\/wp-json\/wp\/v2\/types\/post"}],"author":[{"embeddable":true,"href":"https:\/\/www.europesays.com\/fr\/wp-json\/wp\/v2\/users\/2"}],"replies":[{"embeddable":true,"href":"https:\/\/www.europesays.com\/fr\/wp-json\/wp\/v2\/comments?post=117244"}],"version-history":[{"count":0,"href":"https:\/\/www.europesays.com\/fr\/wp-json\/wp\/v2\/posts\/117244\/revisions"}],"wp:featuredmedia":[{"embeddable":true,"href":"https:\/\/www.europesays.com\/fr\/wp-json\/wp\/v2\/media\/117245"}],"wp:attachment":[{"href":"https:\/\/www.europesays.com\/fr\/wp-json\/wp\/v2\/media?parent=117244"}],"wp:term":[{"taxonomy":"category","embeddable":true,"href":"https:\/\/www.europesays.com\/fr\/wp-json\/wp\/v2\/categories?post=117244"},{"taxonomy":"post_tag","embeddable":true,"href":"https:\/\/www.europesays.com\/fr\/wp-json\/wp\/v2\/tags?post=117244"}],"curies":[{"name":"wp","href":"https:\/\/api.w.org\/{rel}","templated":true}]}}