{"id":117250,"date":"2025-05-21T16:12:11","date_gmt":"2025-05-21T16:12:11","guid":{"rendered":"https:\/\/www.europesays.com\/fr\/117250\/"},"modified":"2025-05-21T16:12:11","modified_gmt":"2025-05-21T16:12:11","slug":"loire-et-rhone-faute-de-pieces-de-rechange-pour-sa-prothese-il-a-frole-lamputation-de-sa-jambe","status":"publish","type":"post","link":"https:\/\/www.europesays.com\/fr\/117250\/","title":{"rendered":"Loire et Rh\u00f4ne. Faute de pi\u00e8ces de rechange pour sa proth\u00e8se, il a fr\u00f4l\u00e9 l\u2019amputation de sa jambe"},"content":{"rendered":"<p>C\u2019est un accident dont Fabrice Robin ne s\u2019est jamais remis. \u00c0 18 ans, le 2 novembre 1985, il est victime d\u2019une collision routi\u00e8re dans sa r\u00e9gion, en Vend\u00e9e, qui lui laisse deux jambes compl\u00e8tement en vrac.<\/p>\n<p>Pendant deux ans, Fabrice arpente les couloirs du CHU de Nantes, o\u00f9 il encha\u00eene les op\u00e9rations dans l\u2019espoir de pouvoir se tenir \u00e0 nouveau debout.<\/p>\n<p>Si la chirurgie lui a d\u00e9j\u00e0 rendu l\u2019usage de sa jambe droite, sa jambe gauche, elle, donne du fil \u00e0 retordre aux \u00e9quipes de l\u2019h\u00f4pital. \u00ab On m\u2019a mis des plaques, des vis un peu partout. Des agrafes se sont promen\u00e9es dans mon genou. On m\u2019a introduit une broche pour essayer de le maintenir afin que le tibia p\u00e9ron\u00e9 soit align\u00e9 avec le f\u00e9mur mais la broche a cass\u00e9 et s\u2019est balad\u00e9e pendant des semaines dans mon genou. Les chirurgiens ne savaient plus quoi faire, se souvient Fabrice. La seule solution qu\u2019ils me proposaient \u00e9tait une jambe raide. \u00bb Fabrice a 20 ans : \u00ab C\u2019\u00e9tait hors de question. \u00bb <\/p>\n<p>Op\u00e9r\u00e9 par Gilles Bousquet \u00e0&#8230;                <\/p>\n","protected":false},"excerpt":{"rendered":"C\u2019est un accident dont Fabrice Robin ne s\u2019est jamais remis. \u00c0 18 ans, le 2 novembre 1985, il&hellip;\n","protected":false},"author":2,"featured_media":117251,"comment_status":"","ping_status":"","sticky":false,"template":"","format":"standard","meta":{"footnotes":""},"categories":[9653],"tags":[1111,11,2430,33,7539,1777,674,107,1011,27,4002,3367,12,25,2429,4001,7538,71],"class_list":{"0":"post-117250","1":"post","2":"type-post","3":"status-publish","4":"format-standard","5":"has-post-thumbnail","7":"category-saint-etienne","8":"tag-actu","9":"tag-actualites","10":"tag-auvergne-rhone-alpes","11":"tag-economie","12":"tag-edition-loire-sud","13":"tag-eu","14":"tag-europe","15":"tag-fil-info","16":"tag-fr","17":"tag-france","18":"tag-haute-loire","19":"tag-loire","20":"tag-news","21":"tag-republique-francaise","22":"tag-rhone","23":"tag-saint-etienne","24":"tag-saint-etienne-ville","25":"tag-sante"},"share_on_mastodon":{"url":"https:\/\/pubeurope.com\/@fr\/114546707440130488","error":""},"_links":{"self":[{"href":"https:\/\/www.europesays.com\/fr\/wp-json\/wp\/v2\/posts\/117250","targetHints":{"allow":["GET"]}}],"collection":[{"href":"https:\/\/www.europesays.com\/fr\/wp-json\/wp\/v2\/posts"}],"about":[{"href":"https:\/\/www.europesays.com\/fr\/wp-json\/wp\/v2\/types\/post"}],"author":[{"embeddable":true,"href":"https:\/\/www.europesays.com\/fr\/wp-json\/wp\/v2\/users\/2"}],"replies":[{"embeddable":true,"href":"https:\/\/www.europesays.com\/fr\/wp-json\/wp\/v2\/comments?post=117250"}],"version-history":[{"count":0,"href":"https:\/\/www.europesays.com\/fr\/wp-json\/wp\/v2\/posts\/117250\/revisions"}],"wp:featuredmedia":[{"embeddable":true,"href":"https:\/\/www.europesays.com\/fr\/wp-json\/wp\/v2\/media\/117251"}],"wp:attachment":[{"href":"https:\/\/www.europesays.com\/fr\/wp-json\/wp\/v2\/media?parent=117250"}],"wp:term":[{"taxonomy":"category","embeddable":true,"href":"https:\/\/www.europesays.com\/fr\/wp-json\/wp\/v2\/categories?post=117250"},{"taxonomy":"post_tag","embeddable":true,"href":"https:\/\/www.europesays.com\/fr\/wp-json\/wp\/v2\/tags?post=117250"}],"curies":[{"name":"wp","href":"https:\/\/api.w.org\/{rel}","templated":true}]}}