{"id":117254,"date":"2025-05-21T16:14:15","date_gmt":"2025-05-21T16:14:15","guid":{"rendered":"https:\/\/www.europesays.com\/fr\/117254\/"},"modified":"2025-05-21T16:14:15","modified_gmt":"2025-05-21T16:14:15","slug":"cerville-une-semaine-theatrale-au-village","status":"publish","type":"post","link":"https:\/\/www.europesays.com\/fr\/117254\/","title":{"rendered":"Cerville. Une semaine th\u00e9\u00e2trale au village"},"content":{"rendered":"<p>Du 13 au 16\u00a0mai, le village de Cerville a v\u00e9cu au rythme du th\u00e9\u00e2tre avec les pr\u00e9sentations des 6 spectacles des groupes enfants et ados du foyer rural de Cerville, sous la direction de Mathieu Burger. Au total, 70 enfants de 6 \u00e0 16 ans se sont succ\u00e9d\u00e9 pour pr\u00e9senter des spectacles rythm\u00e9s et appr\u00e9ci\u00e9s par la centaine de spectateurs pr\u00e9sents chaque soir. Ce vendredi, les Fr\u00e8res Chrysanth\u00e8mes ont cl\u00f4tur\u00e9 cette semaine th\u00e9\u00e2trale par l\u2019hilarant spectacle burlesque Donne moi la main tour.<\/p>\n","protected":false},"excerpt":{"rendered":"Du 13 au 16\u00a0mai, le village de Cerville a v\u00e9cu au rythme du th\u00e9\u00e2tre avec les pr\u00e9sentations des&hellip;\n","protected":false},"author":2,"featured_media":117255,"comment_status":"","ping_status":"","sticky":false,"template":"","format":"standard","meta":{"footnotes":""},"categories":[9635],"tags":[1111,11,12080,23783,1687,1704,1777,674,1011,27,775,1702,12,25,104,3140,1631],"class_list":{"0":"post-117254","1":"post","2":"type-post","3":"status-publish","4":"format-standard","5":"has-post-thumbnail","7":"category-nancy","8":"tag-actu","9":"tag-actualites","10":"tag-cc-de-seille-et-grand-couronne-54b","11":"tag-cerville","12":"tag-culture-loisirs","13":"tag-edition-nancy-et-agglomeration","14":"tag-eu","15":"tag-europe","16":"tag-fr","17":"tag-france","18":"tag-grand-est","19":"tag-nancy","20":"tag-news","21":"tag-republique-francaise","22":"tag-societe","23":"tag-spectacle","24":"tag-vie-associative"},"share_on_mastodon":{"url":"https:\/\/pubeurope.com\/@fr\/114546715079948194","error":""},"_links":{"self":[{"href":"https:\/\/www.europesays.com\/fr\/wp-json\/wp\/v2\/posts\/117254","targetHints":{"allow":["GET"]}}],"collection":[{"href":"https:\/\/www.europesays.com\/fr\/wp-json\/wp\/v2\/posts"}],"about":[{"href":"https:\/\/www.europesays.com\/fr\/wp-json\/wp\/v2\/types\/post"}],"author":[{"embeddable":true,"href":"https:\/\/www.europesays.com\/fr\/wp-json\/wp\/v2\/users\/2"}],"replies":[{"embeddable":true,"href":"https:\/\/www.europesays.com\/fr\/wp-json\/wp\/v2\/comments?post=117254"}],"version-history":[{"count":0,"href":"https:\/\/www.europesays.com\/fr\/wp-json\/wp\/v2\/posts\/117254\/revisions"}],"wp:featuredmedia":[{"embeddable":true,"href":"https:\/\/www.europesays.com\/fr\/wp-json\/wp\/v2\/media\/117255"}],"wp:attachment":[{"href":"https:\/\/www.europesays.com\/fr\/wp-json\/wp\/v2\/media?parent=117254"}],"wp:term":[{"taxonomy":"category","embeddable":true,"href":"https:\/\/www.europesays.com\/fr\/wp-json\/wp\/v2\/categories?post=117254"},{"taxonomy":"post_tag","embeddable":true,"href":"https:\/\/www.europesays.com\/fr\/wp-json\/wp\/v2\/tags?post=117254"}],"curies":[{"name":"wp","href":"https:\/\/api.w.org\/{rel}","templated":true}]}}