{"id":117265,"date":"2025-05-21T16:20:13","date_gmt":"2025-05-21T16:20:13","guid":{"rendered":"https:\/\/www.europesays.com\/fr\/117265\/"},"modified":"2025-05-21T16:20:13","modified_gmt":"2025-05-21T16:20:13","slug":"un-show-cloclo-avec-le-sosie-officiel-de-claude-francois-dans-le-sud-manche","status":"publish","type":"post","link":"https:\/\/www.europesays.com\/fr\/117265\/","title":{"rendered":"Un show Cloclo avec le sosie officiel de Claude Fran\u00e7ois dans le Sud Manche"},"content":{"rendered":"<p>            Par<br \/>\n        <strong><br \/>\n            <a href=\"https:\/\/actu.fr\/auteur\/redaction-gazettemanche\" title=\"Consulter tous les articles de R\u00e9daction La Gazette de la Manche\" target=\"_blank\" rel=\"noopener\">R\u00e9daction La Gazette de la Manche<\/a><br \/>\n        <\/strong><\/p>\n<p>        Publi\u00e9 le<\/p>\n<p>            21 mai 2025 \u00e0 17h00        <\/p>\n<p>Le comit\u00e9 des f\u00eates du <a href=\"https:\/\/actu.fr\/normandie\/mesnil-rainfray_50318\" target=\"_blank\" rel=\"noopener\">Mesnil-Rainfray<\/a> (<a href=\"https:\/\/actu.fr\/normandie\/manche_50\" target=\"_blank\" rel=\"noopener\">Manche<\/a>) propose un show Cloclo pour la 1\u02b3\u1d49 fois dans la salle des f\u00eates, le<b> vendredi 13 juin 2025 \u00e0 19 h 30.<\/b> Un spectacle in\u00e9dit avec Philippe Leroy, sosie officiel de <b>Claude Fran\u00e7ois<\/b>. L\u2019artiste avec son timbre parfait plonge son public dans les ann\u00e9es 1960 et 1970 dans l\u2019univers du chanteur disparu avec un r\u00e9pertoire magnifique et plein d\u2019\u00e9motions, il fait participer le public dans une ambiance garantie.<\/p>\n<p class=\" wall-content\">Depuis plus de cinquante ans, <b>Philippe Leroy<\/b> interpr\u00e8te les chansons de son idole dans toute la France et \u00e0 l\u2019\u00e9tranger : Belgique, Italie, Tunisie, et bien d\u2019autres encore. Philippe Leroy n\u2019est pas seulement le sosie officiel de Claude Fran\u00e7ois, mais aussi auteur, compositeur et interpr\u00e8te de ses chansons : Marie, Dis-moi, Petite fille, J\u2019ai besoin d\u2019amour.<\/p>\n<p>Les festivit\u00e9s \u00e0 venir<\/p>\n<p class=\" wall-content\">Le Pr\u00e9sident<b> Auguste Lefras<\/b> annonce qu\u2019il y aura la foire aux puces le dimanche 3 ao\u00fbt 2025, de 7 h \u00e0 18 h, emplacement gratuit. Buvette, casse-cro\u00fbte, cr\u00eapes, etc. seront \u00e0 disposition. Structure gonflable pour les enfants. Animation musicale l\u2019apr\u00e8s-midi. Le soir, \u00e0 20 h, moule-frites et soir\u00e9e dansante avec R\u00e9gie 2000 \u00e0 la salle des f\u00eates.<\/p>\n<p class=\" wall-content\">Une autre date \u00e0 retenir, le traditionnel r\u00e9veillon de la Saint-Sylvestre, le <b>31\u00a0d\u00e9cembre 2025.<\/b><\/p>\n<p>Vid\u00e9os : en ce moment sur Actu<\/p>\n<p>Les places sont \u00e0 r\u00e9server d\u00e8s maintenant par t\u00e9l\u00e9phone au 06 09 84 07 33 jusqu\u2019au 8\u00a0juin 2025. Prix assiette ap\u00e9ro et spectacle : 18 \u20ac.<\/p>\n<p class=\" wall-content\">Suivez toute l\u2019actualit\u00e9 de vos villes et m\u00e9dias favoris en vous inscrivant \u00e0 <a href=\"https:\/\/moncompte.actu.fr\" title=\"D\u00e9couvez Mon Actu\" rel=\"nofollow noopener\" data-trk=\"{&quot;cta&quot;:{&quot;action&quot;:&quot;https:\\\/\\\/moncompte.actu.fr&quot;,&quot;category&quot;:&quot;mon compte&quot;,&quot;from&quot;:&quot;article footer&quot;,&quot;name&quot;:&quot;Mon actu&quot;,&quot;type&quot;:&quot;cta&quot;}}\" target=\"_blank\">Mon Actu<\/a>.<\/p>\n","protected":false},"excerpt":{"rendered":"Par R\u00e9daction La Gazette de la Manche Publi\u00e9 le 21 mai 2025 \u00e0 17h00 Le comit\u00e9 des f\u00eates&hellip;\n","protected":false},"author":2,"featured_media":117266,"comment_status":"","ping_status":"","sticky":false,"template":"","format":"standard","meta":{"footnotes":""},"categories":[9587],"tags":[1111,11,1777,674,1011,27,1652,12,5161,25,9590,23784],"class_list":{"0":"post-117265","1":"post","2":"type-post","3":"status-publish","4":"format-standard","5":"has-post-thumbnail","7":"category-rouen","8":"tag-actu","9":"tag-actualites","10":"tag-eu","11":"tag-europe","12":"tag-fr","13":"tag-france","14":"tag-loisirs-culture","15":"tag-news","16":"tag-normandie","17":"tag-republique-francaise","18":"tag-rouen","19":"tag-sud-manche"},"share_on_mastodon":{"url":"https:\/\/pubeurope.com\/@fr\/114546738792873859","error":""},"_links":{"self":[{"href":"https:\/\/www.europesays.com\/fr\/wp-json\/wp\/v2\/posts\/117265","targetHints":{"allow":["GET"]}}],"collection":[{"href":"https:\/\/www.europesays.com\/fr\/wp-json\/wp\/v2\/posts"}],"about":[{"href":"https:\/\/www.europesays.com\/fr\/wp-json\/wp\/v2\/types\/post"}],"author":[{"embeddable":true,"href":"https:\/\/www.europesays.com\/fr\/wp-json\/wp\/v2\/users\/2"}],"replies":[{"embeddable":true,"href":"https:\/\/www.europesays.com\/fr\/wp-json\/wp\/v2\/comments?post=117265"}],"version-history":[{"count":0,"href":"https:\/\/www.europesays.com\/fr\/wp-json\/wp\/v2\/posts\/117265\/revisions"}],"wp:featuredmedia":[{"embeddable":true,"href":"https:\/\/www.europesays.com\/fr\/wp-json\/wp\/v2\/media\/117266"}],"wp:attachment":[{"href":"https:\/\/www.europesays.com\/fr\/wp-json\/wp\/v2\/media?parent=117265"}],"wp:term":[{"taxonomy":"category","embeddable":true,"href":"https:\/\/www.europesays.com\/fr\/wp-json\/wp\/v2\/categories?post=117265"},{"taxonomy":"post_tag","embeddable":true,"href":"https:\/\/www.europesays.com\/fr\/wp-json\/wp\/v2\/tags?post=117265"}],"curies":[{"name":"wp","href":"https:\/\/api.w.org\/{rel}","templated":true}]}}