{"id":117284,"date":"2025-05-21T16:30:09","date_gmt":"2025-05-21T16:30:09","guid":{"rendered":"https:\/\/www.europesays.com\/fr\/117284\/"},"modified":"2025-05-21T16:30:09","modified_gmt":"2025-05-21T16:30:09","slug":"portrait-policier-a-nantes-jean-francois-pasques-est-aussi-un-auteur-a-succes","status":"publish","type":"post","link":"https:\/\/www.europesays.com\/fr\/117284\/","title":{"rendered":"Portrait. Policier \u00e0 Nantes, Jean-Fran\u00e7ois Pasques est aussi un auteur \u00e0 succ\u00e8s"},"content":{"rendered":"<p>            Par<br \/>\n        <strong><br \/>\n            <a href=\"https:\/\/actu.fr\/auteur\/laure-gentil\" title=\"Consulter tous les articles de Laure Gentil\" target=\"_blank\" rel=\"noopener\">Laure Gentil<\/a><br \/>\n        <\/strong><\/p>\n<p>        Publi\u00e9 le<\/p>\n<p>            21 mai 2025 \u00e0 18h15        <\/p>\n<p>Il a une citation pour toutes les situations\u2026 <strong>Jean-Fran\u00e7ois Pasques<\/strong> est un capitaine de police de 54\u00a0ans qui m\u00e8ne une double vie\u2009: il est <strong>auteur de romans policiers<\/strong>. Un auteur \u00e0 succ\u00e8s.<\/p>\n<p class=\" wall-content\">Rien ne le pr\u00e9destinait \u00e0 entrer dans la police, et encore moins \u00e0 \u00e9crire des romans. Pourtant aujourd\u2019hui, ce Nantais d\u2019adoption a re\u00e7u le<strong> Prix du Quai des Orf\u00e8vres 2023<\/strong> pour son livre\u00a0Fils de personne, vendu \u00e0 plus de 230\u2009000 exemplaires. La suite, L\u2019avocat du diable, est sortie le 2\u00a0avril dernier. Il a accept\u00e9 de rencontrer actu Nantes.<\/p>\n<p>Un hasard \u00ab\u2009provoqu\u00e9\u2009\u00bb<\/p>\n<p class=\" wall-content\">N\u00e9 \u00e0 <strong>Ch\u00e2teaudun<\/strong> (Eure-et-Loir), Jean-Fran\u00e7ois Pasques souhaitait se d\u00e9dier \u00e0 la chimie, mais s\u2019est vite lass\u00e9. \u00ab\u2009Je m\u2019emb\u00eatais dans mon laboratoire alors je suis entr\u00e9 dans la police\u2009\u00bb, explique-t-il simplement.<\/p>\n<blockquote class=\"ac-article-quote wall-content\">\n<p>En chimie, je ne voyais personne, j&rsquo;avais l&rsquo;impression d&rsquo;\u00eatre coup\u00e9 du monde alors j&rsquo;ai pass\u00e9 plusieurs concours administratifs.<\/p>\n<p>    <strong>Jean-Fran\u00e7ois Pasques<\/strong>\n            <\/p><\/blockquote>\n<p class=\" wall-content\">Douanes, les postes, les eaux et for\u00eats et enfin la police. \u00ab\u2009J\u2019en ai r\u00e9ussi plusieurs et puis je me suis dit \u2018tiens, la police je vais voir\u2019, j\u2019y suis entr\u00e9, j\u2019ai vu et je suis rest\u00e9. C\u2019\u00e9tait il y a trente ans\u2009\u00bb, nous raconte-t-il plein d\u2019humour.<\/p>\n<p class=\" wall-content\">Assis sur un fauteuil en rotin sous le soleil, Jean-Fran\u00e7ois Pasques jette un regard honn\u00eate sur son parcours. Il aime son m\u00e9tier de policier mais <strong>refuse de parler de vocation<\/strong>. \u00ab\u2009Je ne sais pas si on peut vraiment parler de hasard, en tout cas c\u2019est un hasard que j\u2019ai provoqu\u00e9.\u2009\u00bb<\/p>\n<p class=\" wall-content\">D\u2019abord gardien de la paix \u00e0 Paris \u2013 un poste qu\u2019il a ador\u00e9 \u2013 il devient finalement officier de police judiciaire et travaille<strong> pour la section criminelle.<\/strong><\/p>\n<p>Une premi\u00e8re histoire pour ses enfants<\/p>\n<p class=\" wall-content\">Apr\u00e8s quinze ann\u00e9es \u00e0 Paris, sa famille et lui souhaitent <strong>partir pour Nantes<\/strong>. Sa femme et ses enfants partent devant, et celui que ses amis appellent \u00ab\u2009Jeff\u2009\u00bb reste \u00e0 Paris encore un an et demi le temps de la transition.<\/p>\n<blockquote class=\"ac-article-quote wall-content\">\n<p>C&rsquo;\u00e9tait un choix de vie, pour offrir un meilleur cadre pour nos enfants.<\/p>\n<p>    <strong>Jean-Fran\u00e7ois Pasques<\/strong>\n            <\/p><\/blockquote>\n<p class=\" wall-content\">Un soir, en rentrant du boulot, Jean-Fran\u00e7ois s\u2019assoit et se met \u00e0 \u00e9crire. \u00ab\u2009J\u2019avais emmagasin\u00e9 tellement de mat\u00e9riel\u2009!\u2009\u00bb, s\u2019enthousiasme-t-il soudain. \u00ab\u2009Le d\u00e9sir d\u2019\u00e9crire est venu d\u2019une frustration et d\u2019une impossibilit\u00e9.\u2009\u00bb<\/p>\n<p class=\" wall-content\">Sur une enqu\u00eate criminelle Jean-Fran\u00e7ois doit \u00ab\u2009faire fi de ses \u00e9motions\u2009\u00bb.<\/p>\n<p class=\" wall-content\">Il lui fallait donc une <strong>\u00e9chappatoire<\/strong> pour se d\u00e9barrasser de cette charge mentale. \u00ab\u2009En rentrant \u00e0 la maison, on ne sait pas comment restituer cela, on ne veut pas faire peur \u00e0 nos proches\u2009\u00bb, soupire-t-il. Lui a utilis\u00e9 l\u2019\u00e9criture.<\/p>\n<blockquote class=\"ac-article-quote wall-content\">\n<p>Mon premier r\u00e9cit\u2026 Je me suis dit qu&rsquo;au lieu d&rsquo;aller faire la java avec les copains, j&rsquo;allais \u00e9crire une histoire que je donnerai par la suite \u00e0 mes enfants, quand ils seraient plus grands. Sur laquelle nous pourrions \u00e9changer. J&rsquo;ai choisi la facilit\u00e9, une enqu\u00eate polici\u00e8re.<\/p>\n<p>    <strong>Jean-Fran\u00e7ois Pasques<\/strong>\n            <\/p><\/blockquote>\n<p class=\" wall-content\">La machine est lanc\u00e9e. Pendant un an, le policier continue d\u2019\u00e9crire ce qui deviendra son premier roman. Il en imprimera les pages au commissariat.<\/p>\n<p>Rencontre avec une autrice<\/p>\n<p class=\" wall-content\">Durant une enqu\u00eate \u00e0 Paris, Jean-Fran\u00e7ois fait la rencontre d\u2019une victime qui changera sa vie. Cette personne, dont il ne dira pas le nom, est une \u00e9crivaine \u00ab\u2009un peu connue\u2009\u00bb, dont les tableaux ont \u00e9t\u00e9 vol\u00e9s.<\/p>\n<p class=\" wall-content\">\u00ab\u2009On est rest\u00e9 en contact, elle m\u2019a parl\u00e9 du roman policier qu\u2019elle \u00e9crivait, elle voulait des corrections, pour que \u00e7a paraisse authentique\u2009\u00bb, relate-t-il. Jean-Fran\u00e7ois reformule des phrases. L\u2019autrice le remarque, parle de \u00ab\u2009sensibilit\u00e9\u2009\u00bb. Il finit par avouer avoir \u00e9crit un manuscrit. \u00ab\u2009Elle m\u2019a rappel\u00e9 trois jours apr\u00e8s et elle m\u2019a dit que je devais publier, qu\u2019elle voulait le montrer \u00e0 un \u00e9diteur\u2009\u00bb, avoue-t-il avec un grand sourire.<\/p>\n<p class=\" wall-content\">C\u2019est au tour de l\u2019\u00e9diteur de le rappeler. Jean-Fran\u00e7ois demande conseil \u00e0 son \u00e9pouse qui l\u2019incite \u00e0 accepter. <strong>Son livre est publi\u00e9 six mois apr\u00e8s son arriv\u00e9e \u00e0 Nantes<\/strong>. \u00ab\u2009J\u2019en ai vendu quelques-uns, c\u2019\u00e9tait un tout petit \u00e9diteur\u2009!\u2009\u00bb, rit le capitaine de police.<\/p>\n<p>Un succ\u00e8s inattendu<\/p>\n<p class=\" wall-content\">Si la vie de tous les jours \u00e0 Nantes est douce, avec la mer et les balades au bord de l\u2019Erdre, sa vie professionnelle au \u00ab\u2009service de car\u2009\u00bb (police-secours N.D.L.R) est dure pour lui\u2009: \u00ab\u2009Je me suis retrouv\u00e9 confront\u00e9 \u00e0 une mis\u00e8re que je ne voyais plus lors de mon ancien poste\u2009\u00bb.<\/p>\n<p class=\" wall-content\">Au bout de sept ans, il demande \u00e0 entrer \u00e0 la S\u00e9curit\u00e9 publique. \u00ab\u2009J\u2019avais vu trop de cadavres\u2009\u00bb, soupire-t-il.<\/p>\n<p class=\" wall-content\">\u00c0 c\u00f4t\u00e9, il continue de publier ses livres, toujours avec le m\u00eame petit \u00e9diteur, qu\u2019il quitte finalement pour les <strong>\u00c9ditions Lajouanie<\/strong>. \u00ab\u2009J\u2019avais enfin mes livres en librairie, plus besoin de les vendre seulement sur Internet\u2009\u00bb.<\/p>\n<p class=\" wall-content\">Il se met \u00e0 esp\u00e9rer de gagner le Prix du Quai des Orf\u00e8vres qui r\u00e9compense un manuscrit in\u00e9dit de roman policier. <strong>Le gagnant est publi\u00e9 par Fayard<\/strong>. Jean-Fran\u00e7ois d\u00e9cide d\u2019en \u00e9crire un juste dans ce but\u2009: Fils de Personne. \u00ab\u2009Quand on m\u2019a annonc\u00e9 que je l\u2019avais, je ne l\u2019ai pas entendu\u2009\u00bb, admet-il.<\/p>\n<p class=\" wall-content\">Jean-Fran\u00e7ois songe \u00e0 \u00e9crire autre chose que des polars. Comme pour tourner la page de son m\u00e9tier. \u00ab\u2009Je suis un grand voyageur, j\u2019aimerais restituer ces voyages dans mes r\u00e9cits. Je vais me m\u00e9tamorphoser petit \u00e0 petit. Je suis en fin de carri\u00e8re, il va falloir passer la main\u2009\u00bb, reconna\u00eet l\u2019auteur. \u00ab\u2009Comme dirait Alain Souchon, j\u2019ai plus assez d\u2019essence pour faire la route dans l\u2019autre sens.\u2009\u00bb<\/p>\n<p class=\" wall-content\">Suivez toute l\u2019actualit\u00e9 de vos villes et m\u00e9dias favoris en vous inscrivant \u00e0 <a href=\"https:\/\/moncompte.actu.fr\" title=\"D\u00e9couvez Mon Actu\" rel=\"nofollow noopener\" data-trk=\"{&quot;cta&quot;:{&quot;action&quot;:&quot;https:\\\/\\\/moncompte.actu.fr&quot;,&quot;category&quot;:&quot;mon compte&quot;,&quot;from&quot;:&quot;article footer&quot;,&quot;name&quot;:&quot;Mon actu&quot;,&quot;type&quot;:&quot;cta&quot;}}\" target=\"_blank\">Mon Actu<\/a>.<\/p>\n","protected":false},"excerpt":{"rendered":"Par Laure Gentil Publi\u00e9 le 21 mai 2025 \u00e0 18h15 Il a une citation pour toutes les situations\u2026&hellip;\n","protected":false},"author":2,"featured_media":117285,"comment_status":"","ping_status":"","sticky":false,"template":"","format":"standard","meta":{"footnotes":""},"categories":[2818],"tags":[1111,11,1777,674,1011,27,1380,1652,766,12,2636,1072,9026,25],"class_list":{"0":"post-117284","1":"post","2":"type-post","3":"status-publish","4":"format-standard","5":"has-post-thumbnail","7":"category-nantes","8":"tag-actu","9":"tag-actualites","10":"tag-eu","11":"tag-europe","12":"tag-fr","13":"tag-france","14":"tag-livres","15":"tag-loisirs-culture","16":"tag-nantes","17":"tag-news","18":"tag-pays-de-la-loire","19":"tag-police","20":"tag-portrait","21":"tag-republique-francaise"},"share_on_mastodon":{"url":"https:\/\/pubeurope.com\/@fr\/114546777976535379","error":""},"_links":{"self":[{"href":"https:\/\/www.europesays.com\/fr\/wp-json\/wp\/v2\/posts\/117284","targetHints":{"allow":["GET"]}}],"collection":[{"href":"https:\/\/www.europesays.com\/fr\/wp-json\/wp\/v2\/posts"}],"about":[{"href":"https:\/\/www.europesays.com\/fr\/wp-json\/wp\/v2\/types\/post"}],"author":[{"embeddable":true,"href":"https:\/\/www.europesays.com\/fr\/wp-json\/wp\/v2\/users\/2"}],"replies":[{"embeddable":true,"href":"https:\/\/www.europesays.com\/fr\/wp-json\/wp\/v2\/comments?post=117284"}],"version-history":[{"count":0,"href":"https:\/\/www.europesays.com\/fr\/wp-json\/wp\/v2\/posts\/117284\/revisions"}],"wp:featuredmedia":[{"embeddable":true,"href":"https:\/\/www.europesays.com\/fr\/wp-json\/wp\/v2\/media\/117285"}],"wp:attachment":[{"href":"https:\/\/www.europesays.com\/fr\/wp-json\/wp\/v2\/media?parent=117284"}],"wp:term":[{"taxonomy":"category","embeddable":true,"href":"https:\/\/www.europesays.com\/fr\/wp-json\/wp\/v2\/categories?post=117284"},{"taxonomy":"post_tag","embeddable":true,"href":"https:\/\/www.europesays.com\/fr\/wp-json\/wp\/v2\/tags?post=117284"}],"curies":[{"name":"wp","href":"https:\/\/api.w.org\/{rel}","templated":true}]}}