{"id":117298,"date":"2025-05-21T16:37:10","date_gmt":"2025-05-21T16:37:10","guid":{"rendered":"https:\/\/www.europesays.com\/fr\/117298\/"},"modified":"2025-05-21T16:37:10","modified_gmt":"2025-05-21T16:37:10","slug":"en-fin-de-contrat-samuel-umtiti-ex-ol-quitte-lille","status":"publish","type":"post","link":"https:\/\/www.europesays.com\/fr\/117298\/","title":{"rendered":"en fin de contrat, Samuel Umtiti (ex-OL) quitte Lille\u00a0"},"content":{"rendered":"<p>                            <img width=\"770\" height=\"433\" src=\"https:\/\/www.europesays.com\/fr\/wp-content\/uploads\/2025\/05\/000_347H9JX-770x433.jpg\" class=\"attachment-article size-article wp-post-image\" alt=\"Samuel Umtiti, d\u00e9fenseur de Lille\" decoding=\"async\" fetchpriority=\"high\"  \/><\/p>\n<p>Samuel Umtiti, d\u00e9fenseur de Lille (Photo by ARNAUD FINISTRE \/ AFP)<\/p>\n<p>Deux ans apr\u00e8s son arriv\u00e9e, Samuel Umtiti<strong> <\/strong>s\u2019appr\u00eate \u00e0 \u00eatre libre de tout contrat. Le d\u00e9fenseur ne sera pas prolong\u00e9 par Lille et \u00e0 31 ans, il est \u00e0 la recherche d\u2019un nouveau d\u00e9fi.<\/p>\n<p>Treize matchs en deux saisons et puis s\u2019en va. A l\u2019\u00e9t\u00e9 2023, Lille a fait le pari de recruter Samuel <strong>Umtiti<\/strong>, qui sortait d\u2019un exercice relativement plein avec Lecce en Serie A, o\u00f9 il \u00e9tait pr\u00eat\u00e9 (25 affiches disput\u00e9es). Mais cette venue n\u2019a pas eu le b\u00e9n\u00e9fice sportif esp\u00e9r\u00e9 pour Bruno <strong>Genesio <\/strong>et son staff. Si l\u2019entra\u00eeneur nordiste conna\u00eet tr\u00e8s bien le d\u00e9fenseur central pour l\u2019avoir c\u00f4toy\u00e9 du c\u00f4t\u00e9 de l\u2019Olympique lyonnais entre 2015 et 2016, \u00e7a n\u2019a pas port\u00e9 ses fruits du c\u00f4t\u00e9 du LOSC.\u00a0<\/p>\n<p>Arriv\u00e9 librement suite \u00e0 la fin de son aventure avec le FC Barcelone, le champion du monde 2018 a d\u2019abord pu encha\u00eener quelques apparitions en 2023-2024 (treize entre septembre et janvier), avant de rechuter. Fragile physiquement depuis plusieurs ann\u00e9es, il s\u2019est fait op\u00e9rer du genou en d\u00e9but d\u2019ann\u00e9e 2024. Le natif de Yaound\u00e9 (Cameroun) n\u2019a pas rejou\u00e9 depuis.\u00a0<\/p>\n<p>De retour sur le banc depuis trois matchs<\/p>\n<p>Absent des terrains \u00e0 partir de janvier 2024, il a pu revenir, mais seulement <a href=\"https:\/\/www.olympique-et-lyonnais.com\/umtiti-ex-ol-de-retour-avec-lille-un-an-et-demi-apres,360889.html\" rel=\"nofollow noopener\" target=\"_blank\">sur le banc<\/a>. Il s&rsquo;y est install\u00e9 lors des trois derni\u00e8res parties de 2024-2025. Il n\u2019est cependant pas entr\u00e9 en jeu. Mais on peut supposer qu\u2019il sera apte \u00e0 attaquer une pr\u00e9paration dans un autre club.\u00a0<\/p>\n<p>Car c\u2019est cela d\u00e9sormais qui attend Samuel <strong>Umtiti<\/strong>. Qualifi\u00e9e pour la Ligue Europa gr\u00e2ce \u00e0 sa cinqui\u00e8me place, la formation lilloise n\u2019a pas prolong\u00e9 le joueur de 31\u00a0 ans. Comme Mitchel <strong>Bakker<\/strong>, Chuba <strong>Akpom<\/strong>, Angel <strong>Gomes<\/strong>, Vito <strong>Mannone<\/strong>, R\u00e9my <strong>Cabella <\/strong>et Jonathan <strong>David<\/strong>, il part vers un nouveau projet pour 2025-2026. Pour l\u2019heure, rien n\u2019a filtr\u00e9 quant \u00e0 une potentielle future destination.<\/p>\n","protected":false},"excerpt":{"rendered":"Samuel Umtiti, d\u00e9fenseur de Lille (Photo by ARNAUD FINISTRE \/ AFP) Deux ans apr\u00e8s son arriv\u00e9e, Samuel Umtiti&hellip;\n","protected":false},"author":2,"featured_media":74310,"comment_status":"","ping_status":"","sticky":false,"template":"","format":"standard","meta":{"footnotes":""},"categories":[2815],"tags":[1111,11,1777,674,23785,1011,27,811,1307,1434,12,25,23786],"class_list":{"0":"post-117298","1":"post","2":"type-post","3":"status-publish","4":"format-standard","5":"has-post-thumbnail","7":"category-lille","8":"tag-actu","9":"tag-actualites","10":"tag-eu","11":"tag-europe","12":"tag-ex-ol","13":"tag-fr","14":"tag-france","15":"tag-hauts-de-france","16":"tag-lille","17":"tag-mercato","18":"tag-news","19":"tag-republique-francaise","20":"tag-umtiti"},"share_on_mastodon":{"url":"https:\/\/pubeurope.com\/@fr\/114546805655134959","error":""},"_links":{"self":[{"href":"https:\/\/www.europesays.com\/fr\/wp-json\/wp\/v2\/posts\/117298","targetHints":{"allow":["GET"]}}],"collection":[{"href":"https:\/\/www.europesays.com\/fr\/wp-json\/wp\/v2\/posts"}],"about":[{"href":"https:\/\/www.europesays.com\/fr\/wp-json\/wp\/v2\/types\/post"}],"author":[{"embeddable":true,"href":"https:\/\/www.europesays.com\/fr\/wp-json\/wp\/v2\/users\/2"}],"replies":[{"embeddable":true,"href":"https:\/\/www.europesays.com\/fr\/wp-json\/wp\/v2\/comments?post=117298"}],"version-history":[{"count":0,"href":"https:\/\/www.europesays.com\/fr\/wp-json\/wp\/v2\/posts\/117298\/revisions"}],"wp:featuredmedia":[{"embeddable":true,"href":"https:\/\/www.europesays.com\/fr\/wp-json\/wp\/v2\/media\/74310"}],"wp:attachment":[{"href":"https:\/\/www.europesays.com\/fr\/wp-json\/wp\/v2\/media?parent=117298"}],"wp:term":[{"taxonomy":"category","embeddable":true,"href":"https:\/\/www.europesays.com\/fr\/wp-json\/wp\/v2\/categories?post=117298"},{"taxonomy":"post_tag","embeddable":true,"href":"https:\/\/www.europesays.com\/fr\/wp-json\/wp\/v2\/tags?post=117298"}],"curies":[{"name":"wp","href":"https:\/\/api.w.org\/{rel}","templated":true}]}}