{"id":117299,"date":"2025-05-21T16:38:08","date_gmt":"2025-05-21T16:38:08","guid":{"rendered":"https:\/\/www.europesays.com\/fr\/117299\/"},"modified":"2025-05-21T16:38:08","modified_gmt":"2025-05-21T16:38:08","slug":"alain-gargani-reelu-a-lunanimite-a-la-presidence-de-la-cpme-sud","status":"publish","type":"post","link":"https:\/\/www.europesays.com\/fr\/117299\/","title":{"rendered":"Alain Gargani r\u00e9\u00e9lu \u00e0 l\u2019unanimit\u00e9 \u00e0 la pr\u00e9sidence de la CPME Sud"},"content":{"rendered":"<p>                    <img loading=\"lazy\" decoding=\"async\" src=\"https:\/\/www.europesays.com\/fr\/wp-content\/uploads\/2025\/05\/48e8e8ac3726f392c15d787d8374f2.jpg\" class=\"img-responsive post-image\" width=\"680\" height=\"510\" alt=\"Alain Gargani r\u00e9\u00e9lu \u00e0 (\u2026)\" title=\"Alain Gargani r\u00e9\u00e9lu \u00e0 l'unanimit\u00e9 \u00e0 la pr\u00e9sidence de la CPME Sud\"\/><\/p>\n<p class=\"chapo\">C\u2019est \u00e0 l\u2019Aquabella \u00e0 Aix en Provence, que les membres de la CPME Sud, r\u00e9unis ce lundi 19 mai en Assembl\u00e9e G\u00e9n\u00e9rale ordinaire, ont r\u00e9\u00e9lu \u00e0 leur pr\u00e9sidence M.\u00a0Alain Gargani, \u00e0 l\u2019unanimit\u00e9 pour un troisi\u00e8me mandat.<\/p>\n<p><strong>Pr\u00e9sident de la CPME Sud depuis 2019, Alain GARGANI entame avec cette r\u00e9\u00e9lection un 3e mandat cons\u00e9cutif \u00e0 la t\u00eate de la CPME Sud.<\/strong> Lors de son dernier mandat, M.\u00a0Gargani et ses \u00e9quipes se sont mobilis\u00e9s pour travailler \u00e0 la structuration d\u2019une CPME r\u00e9gionale forte qui est aujourd\u2019hui l\u2019une des premi\u00e8res en France. La CPME Sud, qui a pris sa place dans le paysage \u00e9conomique r\u00e9gional, a conduit un certain nombre d\u2019actions embl\u00e9matiques et d\u00e9ploy\u00e9 diff\u00e9rents \u00e9v\u00e9nements  qui, pour certains, sont d\u00e9j\u00e0 devenus des rendez-vous \u00e9conomiques incontournables en r\u00e9gion Sud.<br class=\"texte\"\/><br \/>\nDevant l\u2019Assembl\u00e9e, Alain Gargani a d\u00e9clar\u00e9\u00a0: \u201cJe suis tr\u00e8s fier de repr\u00e9senter la CPME et de mener ce combat pour d\u00e9fendre l\u2019\u00e9conomie et les int\u00e9r\u00eats sp\u00e9cifiques des TPE et PME. Je suis fier de cette r\u00e9\u00e9lection et honor\u00e9 que les pr\u00e9sident de territoire aient massivement renouvel\u00e9 leur confiance en ma candidature. Je reste donc fermement mobilis\u00e9 et engag\u00e9 pour porter encore et toujours la voix des entrepreneurs et de l\u2019\u00e9conomie r\u00e9gionale. Je continuerai \u00e0 mener mon action en privil\u00e9giant encore et toujours la discussion \u00e0 l\u2019affrontement. L\u2019int\u00e9r\u00eat des entreprises passe au-dessus des int\u00e9r\u00eats particuliers et nous devons f\u00e9d\u00e9rer les territoires pour faire gagner l\u2019\u00e9conomie r\u00e9gionale avant tout.\u201c<\/p>\n<p>Feuille de route<\/p>\n<p>Il a \u00e9galement expos\u00e9 les grands axes strat\u00e9giques qui guideront sa mandature ces trois prochaines ann\u00e9es. Avec la reconduite d\u2019actions phare et le lancement de Made in PME 2026 ainsi que la 6\u00e8me \u00e9dition des Troph\u00e9es des Entrepreneurs Positifs, la CPME Sud poursuivra de proposer ces \u00e9v\u00e9nements d\u00e9sormais cl\u00e9s pour l\u2019\u00e9conomie r\u00e9gionale. En outre, la CPME Sud s\u2019engagera dans un grand projet baptis\u00e9 Cap Climat, men\u00e9 en partenariat avec l\u2019ADEME, et ayant pour objectif d\u2019aider les TPE-PME de la r\u00e9gion \u00e0 s\u2019adapter aux changements climatiques \u00e0 travers la sensibilisation, l\u2019information et l\u2019accompagnement des entreprises. <br class=\"autobr\"\/><br \/>\nAutre sujet, celui du recrutement qui repr\u00e9sente une probl\u00e9matique r\u00e9currente chez les TPE et PME et qui a donn\u00e9 lieu en 2024 \u00e0 la publication du Guide du Recrutement de la CPME Sud. En 2025, la CPME Sud proposera un roadshow sur l\u2019ensemble du territoire pour essaimer un ensemble de bonnes pratiques et apporter encore plus de soutien sur ce sujet. <br class=\"autobr\"\/><br \/>\nEnfin, avec le Caf\u00e9 des F\u00e9d\u00e9rations, la CPME Sud continuera de proposer un lieu de dialogue et d\u2019\u00e9change permettant de faire remonter les pr\u00e9occupations du terrain pour \u00e9laborer des solutions concr\u00e8tes. Elle contribuera aussi  plus largement au d\u00e9veloppement \u00e9conomique du territoire avec le Club Eco for Sud.<\/p>\n<p>Photo de Une (archive) \u00a9CPME SUD<\/p>\n","protected":false},"excerpt":{"rendered":"C\u2019est \u00e0 l\u2019Aquabella \u00e0 Aix en Provence, que les membres de la CPME Sud, r\u00e9unis ce lundi 19&hellip;\n","protected":false},"author":2,"featured_media":117300,"comment_status":"","ping_status":"","sticky":false,"template":"","format":"standard","meta":{"footnotes":""},"categories":[2814],"tags":[1111,11,2408,1777,674,1011,27,884,12,882,25],"class_list":{"0":"post-117299","1":"post","2":"type-post","3":"status-publish","4":"format-standard","5":"has-post-thumbnail","7":"category-marseille","8":"tag-actu","9":"tag-actualites","10":"tag-appels-d","11":"tag-eu","12":"tag-europe","13":"tag-fr","14":"tag-france","15":"tag-marseille","16":"tag-news","17":"tag-provence-alpes-cote-dazur","18":"tag-republique-francaise"},"share_on_mastodon":{"url":"https:\/\/pubeurope.com\/@fr\/114546809594015392","error":""},"_links":{"self":[{"href":"https:\/\/www.europesays.com\/fr\/wp-json\/wp\/v2\/posts\/117299","targetHints":{"allow":["GET"]}}],"collection":[{"href":"https:\/\/www.europesays.com\/fr\/wp-json\/wp\/v2\/posts"}],"about":[{"href":"https:\/\/www.europesays.com\/fr\/wp-json\/wp\/v2\/types\/post"}],"author":[{"embeddable":true,"href":"https:\/\/www.europesays.com\/fr\/wp-json\/wp\/v2\/users\/2"}],"replies":[{"embeddable":true,"href":"https:\/\/www.europesays.com\/fr\/wp-json\/wp\/v2\/comments?post=117299"}],"version-history":[{"count":0,"href":"https:\/\/www.europesays.com\/fr\/wp-json\/wp\/v2\/posts\/117299\/revisions"}],"wp:featuredmedia":[{"embeddable":true,"href":"https:\/\/www.europesays.com\/fr\/wp-json\/wp\/v2\/media\/117300"}],"wp:attachment":[{"href":"https:\/\/www.europesays.com\/fr\/wp-json\/wp\/v2\/media?parent=117299"}],"wp:term":[{"taxonomy":"category","embeddable":true,"href":"https:\/\/www.europesays.com\/fr\/wp-json\/wp\/v2\/categories?post=117299"},{"taxonomy":"post_tag","embeddable":true,"href":"https:\/\/www.europesays.com\/fr\/wp-json\/wp\/v2\/tags?post=117299"}],"curies":[{"name":"wp","href":"https:\/\/api.w.org\/{rel}","templated":true}]}}