{"id":117301,"date":"2025-05-21T16:39:10","date_gmt":"2025-05-21T16:39:10","guid":{"rendered":"https:\/\/www.europesays.com\/fr\/117301\/"},"modified":"2025-05-21T16:39:10","modified_gmt":"2025-05-21T16:39:10","slug":"la-reforme-du-scrutin-a-paris-lyon-et-marseille-retoquee-en-commission-au-senat","status":"publish","type":"post","link":"https:\/\/www.europesays.com\/fr\/117301\/","title":{"rendered":"la r\u00e9forme du scrutin \u00e0 Paris, Lyon et Marseille retoqu\u00e9e en commission au S\u00e9nat"},"content":{"rendered":"<p class=\"encartEssai__text\">Pour lire l&rsquo;int\u00e9gralit\u00e9 de cet article,<\/p>\n<p class=\"encartEssai__title\">abonnez-vous au Courrier des Maires &#8211; \u00e9dition Abonn\u00e9<\/p>\n<p>\n<strong>Adopt\u00e9e en premi\u00e8re lecture d\u00e9but avril par les d\u00e9put\u00e9s, la proposition de loi r\u00e9formant le mode de scrutin sp\u00e9cifique des \u00e9lections municipales dans les trois m\u00e9tropoles a \u00e9t\u00e9 rejet\u00e9e en commission des lois le 21 mai. Le fruit d\u2019une opposition des s\u00e9nateurs LR, majoritaires \u00e0 la Haute chambre, comme PS. Les s\u00e9nateurs pourront toutefois examiner le texte en s\u00e9ance publique les 3 et 4 juin prochains.<\/strong><\/p>\n<p>\nCoup d\u2019arr\u00eat fatal ou simple contretemps pour la proposition de loi r\u00e9formant la loi \u00e9lectorale Paris-Lyon-Marseille (PLM)\u00a0? Difficile pour l\u2019heure de prendre les paris\u2026 Toujours est-il que les s\u00e9nateurs de la commission des lois ont rejet\u00e9 mercredi 21 mai le texte adopt\u00e9 un mois plus t\u00f4t par les d\u00e9put\u00e9s.<\/p>\n<p>\nPouss\u00e9e par les parlementaires Renaissance et appuy\u00e9e par le Premier ministre Modem, au point de lui avoir trouv\u00e9 une place dans un ordre du jour surcharg\u00e9 et ce <a href=\"https:\/\/www.courrierdesmaires.fr\/article\/edito-statut-quo.58821\" rel=\"nofollow noopener\" target=\"_blank\">au d\u00e9triment d\u2019autres textes comme celui sur le statut de l\u2019\u00e9lu<\/a>, le texte est en revanche ardemment combattu par de nombreux \u00e9lus m\u00e9tropolitains ou parlementaires PS comme LR. \u00ab\u00a0Nous ne souhaitons pas que la proximit\u00e9 soit sacrifi\u00e9e en modifiant la loi PLM dix mois avant l\u2019\u00e9lection municipale\u00a0\u00bb, avait ainsi pr\u00e9venu sur X peu avant l\u2019examen la pr\u00e9sidente de la M\u00e9tropole Aix-Marseille, Martine[\u2026]<\/p>\n","protected":false},"excerpt":{"rendered":"Pour lire l&rsquo;int\u00e9gralit\u00e9 de cet article, abonnez-vous au Courrier des Maires &#8211; \u00e9dition Abonn\u00e9 Adopt\u00e9e en premi\u00e8re lecture&hellip;\n","protected":false},"author":2,"featured_media":117302,"comment_status":"","ping_status":"","sticky":false,"template":"","format":"standard","meta":{"footnotes":""},"categories":[2814],"tags":[1111,11,5949,2761,1777,674,1011,27,23787,884,12,1050,882,25,23788],"class_list":{"0":"post-117301","1":"post","2":"type-post","3":"status-publish","4":"format-standard","5":"has-post-thumbnail","7":"category-marseille","8":"tag-actu","9":"tag-actualites","10":"tag-elections","11":"tag-elections-municipales-2026","12":"tag-eu","13":"tag-europe","14":"tag-fr","15":"tag-france","16":"tag-l-organisation-du-scrutin","17":"tag-marseille","18":"tag-news","19":"tag-parlement","20":"tag-provence-alpes-cote-dazur","21":"tag-republique-francaise","22":"tag-toute-l-actu"},"share_on_mastodon":{"url":"https:\/\/pubeurope.com\/@fr\/114546813585896663","error":""},"_links":{"self":[{"href":"https:\/\/www.europesays.com\/fr\/wp-json\/wp\/v2\/posts\/117301","targetHints":{"allow":["GET"]}}],"collection":[{"href":"https:\/\/www.europesays.com\/fr\/wp-json\/wp\/v2\/posts"}],"about":[{"href":"https:\/\/www.europesays.com\/fr\/wp-json\/wp\/v2\/types\/post"}],"author":[{"embeddable":true,"href":"https:\/\/www.europesays.com\/fr\/wp-json\/wp\/v2\/users\/2"}],"replies":[{"embeddable":true,"href":"https:\/\/www.europesays.com\/fr\/wp-json\/wp\/v2\/comments?post=117301"}],"version-history":[{"count":0,"href":"https:\/\/www.europesays.com\/fr\/wp-json\/wp\/v2\/posts\/117301\/revisions"}],"wp:featuredmedia":[{"embeddable":true,"href":"https:\/\/www.europesays.com\/fr\/wp-json\/wp\/v2\/media\/117302"}],"wp:attachment":[{"href":"https:\/\/www.europesays.com\/fr\/wp-json\/wp\/v2\/media?parent=117301"}],"wp:term":[{"taxonomy":"category","embeddable":true,"href":"https:\/\/www.europesays.com\/fr\/wp-json\/wp\/v2\/categories?post=117301"},{"taxonomy":"post_tag","embeddable":true,"href":"https:\/\/www.europesays.com\/fr\/wp-json\/wp\/v2\/tags?post=117301"}],"curies":[{"name":"wp","href":"https:\/\/api.w.org\/{rel}","templated":true}]}}