{"id":117303,"date":"2025-05-21T16:40:07","date_gmt":"2025-05-21T16:40:07","guid":{"rendered":"https:\/\/www.europesays.com\/fr\/117303\/"},"modified":"2025-05-21T16:40:07","modified_gmt":"2025-05-21T16:40:07","slug":"lfi-previent-gregory-doucet-quelle-lancera-sans-doute-une-liste","status":"publish","type":"post","link":"https:\/\/www.europesays.com\/fr\/117303\/","title":{"rendered":"LFI pr\u00e9vient Gr\u00e9gory Doucet qu&rsquo;elle lancera sans doute une liste"},"content":{"rendered":"<p>            Par<br \/>\n        <strong><br \/>\n            <a href=\"https:\/\/actu.fr\/auteur\/nicolas-zaugra\" title=\"Consulter tous les articles de Nicolas Zaugra\" rel=\"nofollow noopener\" target=\"_blank\">Nicolas Zaugra<\/a><br \/>\n        <\/strong><\/p>\n<p>        Publi\u00e9 le<\/p>\n<p>            21 mai 2025 \u00e0 18h20        <\/p>\n<p>La France insoumise devrait bien se lancer aux <a href=\"https:\/\/actu.fr\/tag\/municipales-2026\" rel=\"nofollow noopener\" target=\"_blank\">municipales 2026<\/a> \u00e0 <a href=\"https:\/\/actu.fr\/auvergne-rhone-alpes\/lyon_69123\" rel=\"nofollow noopener\" target=\"_blank\">Lyon<\/a> en d\u00e9fiant au premier tour le maire \u00e9cologiste sortant <a href=\"https:\/\/actu.fr\/auvergne-rhone-alpes\/lyon_69123\/lyon-un-joueur-de-l-ol-cache-le-drapeau-lgbt-le-maire-gregory-doucet-met-un-carton-rouge_62654668.html\" rel=\"nofollow noopener\" target=\"_blank\">Gr\u00e9gory Doucet<\/a>, malgr\u00e9 ses appels \u00e0 l\u2019union de toute la gauche derri\u00e8re lui. <a href=\"https:\/\/actu.fr\/politique\/debat-des-legislatives-sur-tf1-que-signifie-le-triangle-rouge-arbore-par-manuel-bompard_61257780.html\" rel=\"nofollow noopener\" target=\"_blank\">Manuel Bompard<\/a>, le coordinateur national de LFI, a assur\u00e9 ce mercredi 21 mai 2025 qu\u2019il \u00ab\u00a0pense\u00a0\u00bb que le parti d\u00e9posera une liste au premier tour.<\/p>\n<p>\u00ab\u00a0D\u2019importants scores LFI\u00a0\u00bb \u00e0 Lyon et dans la m\u00e9tropole<\/p>\n<p class=\" wall-content\">\u00ab\u00a0LFI a r\u00e9alis\u00e9 \u00e0 Lyon et dans la m\u00e9tropole aux derni\u00e8res \u00e9lections <strong>des r\u00e9sultats tr\u00e8s importants, plus de 40%<\/strong> parfois dans <a href=\"https:\/\/actu.fr\/auvergne-rhone-alpes\/lyon_69123\/municipales-ces-villes-autour-de-lyon-que-veut-gagner-la-france-insoumise-en-2026_61920387.html\" rel=\"nofollow noopener\" target=\"_blank\">certaines communes de la m\u00e9tropole lyonnaise<\/a>\u00ab\u00a0, a-t-il dit sur <a href=\"https:\/\/www.bfmtv.com\/lyon\/replay-emissions\/bonsoir-lyon\/municipales-2026-a-lyon-manuel-bompard-voit-lfi-deposer-une-liste-au-premier-tour_VN-202505210620.html\" rel=\"nofollow noopener\" target=\"_blank\">BFM Lyon<\/a>, en \u00e9voquant les l\u00e9gislatives 2024 et les europ\u00e9ennes.<\/p>\n<p class=\" wall-content\">\u00ab\u00a0La France insoumise a l\u2019intention de s\u2019investir dans ces \u00e9lections municipales, d\u2019abord en portant un certain nombre de contenus, avant de discuter des alliances\u00a0\u00bb. \u00ab\u00a0Nous portons des mesures d\u2019accompagnement sur les urgences sociales et environnementales\u00a0\u00bb, ajoute le d\u00e9put\u00e9 Bompard. En termes de mesures, il cite notamment \u00ab\u00a0la gratuit\u00e9 dans les cantines scolaires\u00a0\u00bb, \u00ab\u00a0emp\u00eacher la captation du priv\u00e9 sur les services publics\u00a0\u00bb ou \u00ab\u00a0travailler sur une autre forme de d\u00e9mocratie locale\u00a0\u00bb.<\/p>\n<p class=\" wall-content\">\u00ab\u00a0Nous travaillons dans chacune des communes de la M\u00e9tropole \u00e0 des r\u00e9ponses programmatiques\u00a0\u00bb.\u00a0<\/p>\n<p class=\" wall-content\">\n<p class=\" wall-content\">Apr\u00e8s ces discussions \u00ab\u00a0viendra le temps des alliances\u00a0\u00bb, a dit Manuel Bompard. Dans certaines communes\u00a0\u00bb, cela n\u2019est pas compatible avec les mairies sortantes, a-t-il pr\u00e9venu, car \u00ab\u00a0les politiques mises en place, nous les combattons\u00a0\u00bb. \u00ab\u00a0Dans d\u2019autres, \u00e7a d\u00e9pend de la volont\u00e9 des \u00e9quipes en place d\u2019ouvrir leur programme et leur liste \u00e0 des repr\u00e9sentants de LFI\u00a0\u00bb.<\/p>\n<p>Vid\u00e9os : en ce moment sur Actu<\/p>\n<p class=\" wall-content\">Il pr\u00e9vient : \u00ab\u00a0pour l\u2019instant LFI se pr\u00e9pare \u00e0 \u00eatre seule s\u2019il le faut, si personne ne veut reprendre nos propositions\u00a0\u00bb.<\/p>\n<p>LFI se pr\u00e9pare \u00e0 une liste autonome \u00e0 Lyon<\/p>\n<p class=\" wall-content\">\u00c0 Lyon, \u00ab\u00a0on va voir ces prochaines semaines, ces prochains mois les discussions programmatiques\u00a0\u00bb avec Gr\u00e9gory Doucet.\u00a0<\/p>\n<p class=\" wall-content\">\u00ab\u00a0Je remarque qu\u2019\u00e0 Lyon, dans un sondage qui a \u00e9t\u00e9 publi\u00e9 il y a quelques semaines, on disait qu\u2019une liste LFI \u00e0 Lyon pouvait s\u2019approcher des 20% des voix au premier tour\u00a0\u00bb, dit-il. \u00ab\u00a0Ce qui veut dire que la France insoumise rencontre un certain \u00e9cho dans la population lyonnaise et donc les Insoumis se pr\u00e9parent, pour l\u2019instant, \u00e0 \u00eatre en mesure de proposer leur propre liste\u00a0\u00bb.<\/p>\n<p class=\" wall-content\">En r\u00e9alit\u00e9 le <a href=\"https:\/\/actu.fr\/auvergne-rhone-alpes\/lyon_69123\/lyon-municipales-un-sondage-revele-gregory-doucet-et-jean-michel-aulas-en-tete_62479247.html\" rel=\"nofollow noopener\" target=\"_blank\">sondage<\/a> en question <strong>cr\u00e9ditait LFI de 14% d\u2019intentions de vote<\/strong> en troisi\u00e8me position derri\u00e8re Gr\u00e9gory Doucet (22%) et Jean-Michel Aulas en cas de gauche totalement divis\u00e9e.<\/p>\n<p class=\" wall-content\">\u00ab\u00a0Un certain nombre de points nous conviennent\u00a0\u00bb, reconna\u00eet-t-il \u00e0 propos de la politique de Gr\u00e9gory Doucet. \u00ab\u00a0Mais c\u2019est vrai que sur d\u2019autres, on a davantage de difficult\u00e9s ou des r\u00e9ponses parfois insuffisantes, par exemple la gratuit\u00e9 de la cantine scolaire qui n\u2019a pas \u00e9t\u00e9 mise en place par la municipalit\u00e9\u00a0\u00bb.\u00a0<\/p>\n<p>\u00ab\u00a0Nous combattrons Jean-Michel Aulas\u00a0\u00bb<\/p>\n<p class=\" wall-content\">\u00ab\u00a0La tendance pour l\u2019instant c\u2019est que LFI affirme ses positions\u00a0\u00bb, dit-il. \u00ab\u00a0Il y a un premier tour, puis un second tour, comme \u00e0 chaque \u00e9lection. Notre objectif, c\u2019est que la droite ou l\u2019extr\u00eame droite ne s\u2019emparent pas des communes\u00a0\u00bb, a-t-il dit, ouvrant la voie \u00e0 une alliance au second tour pour \u00e9viter une d\u00e9faite de la gauche.\u00a0<\/p>\n<p class=\" wall-content\">\u00ab\u00a0Que dire de Monsieur <a href=\"https:\/\/actu.fr\/auvergne-rhone-alpes\/lyon_69123\/lyon-municipales-2026-jean-michel-aulas-fait-sa-premiere-proposition-choc-de-campagne_62665560.html\" rel=\"nofollow noopener\" target=\"_blank\">Aulas<\/a>, il n\u2019a mis aucune proposition sur la table. Ce n\u2019est pas un casting cette \u00e9lection. Ce qu\u2019on peut dire, c\u2019est que c\u2019est un partisan du pr\u00e9sident de la R\u00e9publique et qu\u2019en ce moment il ne fait pas trop bon d\u2019\u00eatre partisan\u00a0\u00bb. \u00ab\u00a0Nous le combattrons s\u2019il se pr\u00e9sente \u00e0 cette \u00e9lection\u00a0\u00bb.\u00a0<\/p>\n<p class=\" wall-content\">Suivez toute l\u2019actualit\u00e9 de vos villes et m\u00e9dias favoris en vous inscrivant \u00e0 <a href=\"https:\/\/moncompte.actu.fr\" title=\"D\u00e9couvez Mon Actu\" rel=\"nofollow noopener\" data-trk=\"{&quot;cta&quot;:{&quot;action&quot;:&quot;https:\\\/\\\/moncompte.actu.fr&quot;,&quot;category&quot;:&quot;mon compte&quot;,&quot;from&quot;:&quot;article footer&quot;,&quot;name&quot;:&quot;Mon actu&quot;,&quot;type&quot;:&quot;cta&quot;}}\" target=\"_blank\">Mon Actu<\/a>.<\/p>\n","protected":false},"excerpt":{"rendered":"Par Nicolas Zaugra Publi\u00e9 le 21 mai 2025 \u00e0 18h20 La France insoumise devrait bien se lancer aux&hellip;\n","protected":false},"author":2,"featured_media":117304,"comment_status":"","ping_status":"","sticky":false,"template":"","format":"standard","meta":{"footnotes":""},"categories":[1889],"tags":[1111,11,2430,33,1777,674,1011,27,5226,1023,2428,3434,12,25],"class_list":{"0":"post-117303","1":"post","2":"type-post","3":"status-publish","4":"format-standard","5":"has-post-thumbnail","7":"category-lyon","8":"tag-actu","9":"tag-actualites","10":"tag-auvergne-rhone-alpes","11":"tag-economie","12":"tag-eu","13":"tag-europe","14":"tag-fr","15":"tag-france","16":"tag-gregory-doucet","17":"tag-la-france-insoumise-lfi","18":"tag-lyon","19":"tag-municipales-2026","20":"tag-news","21":"tag-republique-francaise"},"share_on_mastodon":{"url":"https:\/\/pubeurope.com\/@fr\/114546817429600653","error":""},"_links":{"self":[{"href":"https:\/\/www.europesays.com\/fr\/wp-json\/wp\/v2\/posts\/117303","targetHints":{"allow":["GET"]}}],"collection":[{"href":"https:\/\/www.europesays.com\/fr\/wp-json\/wp\/v2\/posts"}],"about":[{"href":"https:\/\/www.europesays.com\/fr\/wp-json\/wp\/v2\/types\/post"}],"author":[{"embeddable":true,"href":"https:\/\/www.europesays.com\/fr\/wp-json\/wp\/v2\/users\/2"}],"replies":[{"embeddable":true,"href":"https:\/\/www.europesays.com\/fr\/wp-json\/wp\/v2\/comments?post=117303"}],"version-history":[{"count":0,"href":"https:\/\/www.europesays.com\/fr\/wp-json\/wp\/v2\/posts\/117303\/revisions"}],"wp:featuredmedia":[{"embeddable":true,"href":"https:\/\/www.europesays.com\/fr\/wp-json\/wp\/v2\/media\/117304"}],"wp:attachment":[{"href":"https:\/\/www.europesays.com\/fr\/wp-json\/wp\/v2\/media?parent=117303"}],"wp:term":[{"taxonomy":"category","embeddable":true,"href":"https:\/\/www.europesays.com\/fr\/wp-json\/wp\/v2\/categories?post=117303"},{"taxonomy":"post_tag","embeddable":true,"href":"https:\/\/www.europesays.com\/fr\/wp-json\/wp\/v2\/tags?post=117303"}],"curies":[{"name":"wp","href":"https:\/\/api.w.org\/{rel}","templated":true}]}}