{"id":117305,"date":"2025-05-21T16:41:09","date_gmt":"2025-05-21T16:41:09","guid":{"rendered":"https:\/\/www.europesays.com\/fr\/117305\/"},"modified":"2025-05-21T16:41:09","modified_gmt":"2025-05-21T16:41:09","slug":"lyon-un-restaurant-japonais-a-volonte-va-ouvrir-au-grand-hotel-dieu","status":"publish","type":"post","link":"https:\/\/www.europesays.com\/fr\/117305\/","title":{"rendered":"Lyon : un restaurant japonais \u00e0 volont\u00e9 va ouvrir au Grand H\u00f4tel-Dieu"},"content":{"rendered":"<p>Au Grand H\u00f4tel-Dieu, \u00e0 Lyon, un restaurant japonais semi-gastronomique va ouvrir pendant l&rsquo;\u00e9t\u00e9 2025.<\/p>\n<p>Avis aux amoureux de la cuisine japonaise ! Un restaurant semi-gastronomique \u00e0 volont\u00e9 va ouvrir ses portes au <b>Grand H\u00f4tel-Dieu<\/b>, entre la mi-juin et le d\u00e9but du mois de juillet 2025.<\/p>\n<p>Entre 35 et 40 euros le repas \u00e0 volont\u00e9 le soir<\/p>\n<p>Ce restaurant, nomm\u00e9 <b>Shiyo<\/b>, s&rsquo;installera \u00e0 la place de Beef House, dans un espace grand de <b>1.000 m\u00b2<\/b>. C&rsquo;est le couple <b>Vanessa Shi<\/b> et <b>St\u00e9phane Dayot<\/b> qui est \u00e0 l&rsquo;origine de ce projet.<\/p>\n<p>D&rsquo;apr\u00e8s <a class=\"url\" href=\"https:\/\/www.leprogres.fr\/economie\/2025\/05\/21\/un-japonais-semi-gastronomique-a-volonte-va-ouvrir-au-grand-hotel-dieu\" target=\"_blank\" rel=\"nofollow noopener\">Le Progr\u00e8s<\/a>, ce semi-gastro devrait accueillir <b>pr\u00e8s de 150 clients<\/b> et proposer une offre gastronomique japonaise haut de gamme et \u00e0 volont\u00e9 (avec un service \u00e0 table).<\/p>\n<p>Quels bons produits y seront \u00e0 d\u00e9guster ? Des sushis, des makis, des plats saut\u00e9s ou encore des tapas japonaises. Le tout \u00e0 des prix plut\u00f4t abordables : entre 26 et 29 euros le midi, et entre 35 et 40 euros le soir.<\/p>\n<p><img loading=\"lazy\" decoding=\"async\" src=\"https:\/\/www.europesays.com\/fr\/wp-content\/uploads\/2025\/05\/1747845669_385_img\" width=\"350\" height=\"200\" border=\"0\" title=\"Des saucissons.\"\/><\/p>\n<p>\u25baConso<\/p>\n<p style=\"font-size: 22px;\"><b>O\u00f9 trouver les meilleurs saucissons de la r\u00e9gion ?<\/b><\/p>\n<p>Ce lundi 19 mai, s&rsquo;est tenue la troisi\u00e8me \u00e9dition&#8230;<\/p>\n<p><\/p>\n","protected":false},"excerpt":{"rendered":"Au Grand H\u00f4tel-Dieu, \u00e0 Lyon, un restaurant japonais semi-gastronomique va ouvrir pendant l&rsquo;\u00e9t\u00e9 2025. Avis aux amoureux de&hellip;\n","protected":false},"author":2,"featured_media":117306,"comment_status":"","ping_status":"","sticky":false,"template":"","format":"standard","meta":{"footnotes":""},"categories":[1889],"tags":[1111,11,2430,1777,674,1011,27,1661,23789,2428,12,25,1340],"class_list":{"0":"post-117305","1":"post","2":"type-post","3":"status-publish","4":"format-standard","5":"has-post-thumbnail","7":"category-lyon","8":"tag-actu","9":"tag-actualites","10":"tag-auvergne-rhone-alpes","11":"tag-eu","12":"tag-europe","13":"tag-fr","14":"tag-france","15":"tag-gastronomie","16":"tag-grand-htel-dieu","17":"tag-lyon","18":"tag-news","19":"tag-republique-francaise","20":"tag-restaurant"},"share_on_mastodon":{"url":"https:\/\/pubeurope.com\/@fr\/114546821606262293","error":""},"_links":{"self":[{"href":"https:\/\/www.europesays.com\/fr\/wp-json\/wp\/v2\/posts\/117305","targetHints":{"allow":["GET"]}}],"collection":[{"href":"https:\/\/www.europesays.com\/fr\/wp-json\/wp\/v2\/posts"}],"about":[{"href":"https:\/\/www.europesays.com\/fr\/wp-json\/wp\/v2\/types\/post"}],"author":[{"embeddable":true,"href":"https:\/\/www.europesays.com\/fr\/wp-json\/wp\/v2\/users\/2"}],"replies":[{"embeddable":true,"href":"https:\/\/www.europesays.com\/fr\/wp-json\/wp\/v2\/comments?post=117305"}],"version-history":[{"count":0,"href":"https:\/\/www.europesays.com\/fr\/wp-json\/wp\/v2\/posts\/117305\/revisions"}],"wp:featuredmedia":[{"embeddable":true,"href":"https:\/\/www.europesays.com\/fr\/wp-json\/wp\/v2\/media\/117306"}],"wp:attachment":[{"href":"https:\/\/www.europesays.com\/fr\/wp-json\/wp\/v2\/media?parent=117305"}],"wp:term":[{"taxonomy":"category","embeddable":true,"href":"https:\/\/www.europesays.com\/fr\/wp-json\/wp\/v2\/categories?post=117305"},{"taxonomy":"post_tag","embeddable":true,"href":"https:\/\/www.europesays.com\/fr\/wp-json\/wp\/v2\/tags?post=117305"}],"curies":[{"name":"wp","href":"https:\/\/api.w.org\/{rel}","templated":true}]}}