{"id":117309,"date":"2025-05-21T16:43:13","date_gmt":"2025-05-21T16:43:13","guid":{"rendered":"https:\/\/www.europesays.com\/fr\/117309\/"},"modified":"2025-05-21T16:43:13","modified_gmt":"2025-05-21T16:43:13","slug":"450-kilometres-de-bouchons-en-ile-de-france-liberation","status":"publish","type":"post","link":"https:\/\/www.europesays.com\/fr\/117309\/","title":{"rendered":"450 kilom\u00e8tres de bouchons en Ile-de-France \u2013 Lib\u00e9ration"},"content":{"rendered":"<p class=\"sc-ksZaOG ehjQrN text-element\">Les taxis ne d\u00e9col\u00e8rent pas. Des centaines de chauffeurs venus de toute la France continuent de manifester \u00e0 Paris, ce mercredi 21 mai, contre les nouvelles conditions tarifaires du transport sanitaire et la concurrence des VTC, \u00e0 l\u2019appel de l\u2019intersyndicale des taxis.<\/p>\n<p class=\"sc-ksZaOG ehjQrN text-element\">Entre concerts de klaxons et feux d\u2019artifice sous la pluie, ils bloquent toujours le boulevard Raspail, pr\u00e8s du minist\u00e8re des Transports, dans le centre de Paris, deux voies sur trois de l\u2019autoroute A1 entre l\u2019a\u00e9roport Charles-de-Gaulle et Paris ainsi que le p\u00e9riph\u00e9rique parisien. <a href=\"https:\/\/www.leparisien.fr\/paris-75\/direct-taxis-en-colere-des-autoroutes-bloquees-pres-de-200-kilometres-dembouteillage-en-ile-de-france-21-05-2025-UGOUMOFBGVCVJBF6P7FLTL6LDY.php\" target=\"_blank\" rel=\"noreferrer nofollow noopener\" title=\"https:\/\/www.leparisien.fr\/paris-75\/direct-taxis-en-colere-des-autoroutes-bloquees-pres-de-200-kilometres-dembouteillage-en-ile-de-france-21-05-2025-UGOUMOFBGVCVJBF6P7FLTL6LDY.php\">Selon le Parisien<\/a>, 461 kilom\u00e8tres de bouchons \u00e9taient comptabilis\u00e9s en Ile-de-France \u00e0 17 heures 30, notamment sur le p\u00e9riph\u00e9rique parisien et dans le nord, l\u2019est et le sud de la capitale.<\/p>\n<p class=\"sc-ksZaOG ehjQrN text-element\"><a href=\"https:\/\/www.liberation.fr\/economie\/transports\/transport-de-malades-les-taxis-manifestent-ce-lundi-en-france-20250519_SZB5HLO54NDV3APIWJP5KUW54A\/\" target=\"_blank\" rel=\"noreferrer nofollow noopener\" title=\"https:\/\/www.liberation.fr\/economie\/transports\/transport-de-malades-les-taxis-manifestent-ce-lundi-en-france-20250519_SZB5HLO54NDV3APIWJP5KUW54A\/\">Plusieurs milliers de taxis ont d\u00e9j\u00e0 manifest\u00e9 lundi et mardi<\/a> \u00e0 travers toute la France. Le climat s\u2019est tendu \u00e0 plusieurs reprises avec les forces de l\u2019ordre \u2013 quatre manifestants parisiens ont \u00e9t\u00e9 poursuivis. A Marseille, deux chauffeurs de taxi ont \u00e9t\u00e9 bless\u00e9s mardi en marge de leur manifestation, par une voiture qui leur a fonc\u00e9 dessus, identifi\u00e9e par les taxis comme \u00e9tant un v\u00e9hicule de tourisme avec chauffeur (VTC).<\/p>\n<p class=\"sc-ksZaOG ehjQrN text-element\">Les taxis sont notamment en col\u00e8re contre une mesure de l\u2019Assurance maladie qui entend instaurer \u00e0 partir du 1er octobre un mod\u00e8le unique sur le territoire pour <a href=\"https:\/\/www.liberation.fr\/societe\/sante\/transports-sanitaires-des-personnes-handicapees-jai-appele-8-taxis-ils-mont-tous-dit-que-ce-netait-pas-rentable-20230323_7UX55GPWL5BOFODTRUNTVQO6GE\/\" target=\"_blank\" rel=\"noreferrer nofollow noopener\" title=\"https:\/\/www.liberation.fr\/societe\/sante\/transports-sanitaires-des-personnes-handicapees-jai-appele-8-taxis-ils-mont-tous-dit-que-ce-netait-pas-rentable-20230323_7UX55GPWL5BOFODTRUNTVQO6GE\/\">le transport des malades<\/a>. Ces trajets vers les h\u00f4pitaux ou cabinets m\u00e9dicaux repr\u00e9sentent une part essentielle du chiffre d\u2019affaires de nombreux chauffeurs de taxis conventionn\u00e9s. Les taxis seront r\u00e9mun\u00e9r\u00e9s sur la base d\u2019un forfait de prise en charge de 13 euros et d\u2019une tarification kilom\u00e9trique. Ils sont encourag\u00e9s \u00e0 regrouper les patients qui ont des trajets proches et \u00e0 se g\u00e9olocaliser pour \u00e9viter les fraudes.<\/p>\n<p class=\"sc-ksZaOG ehjQrN text-element\">La ministre de la Sant\u00e9, Catherine Vautrin, a soulign\u00e9 mardi qu\u2019il est \u00abimportant que nos concitoyens quand ils en ont besoin puissent \u00eatre transport\u00e9s\u00bb, mais \u00ables d\u00e9penses de transports sanitaires ont une courbe d\u2019augmentation tr\u00e8s importante\u00bb. Ces d\u00e9penses repr\u00e9sentaient 6,3 milliards d\u2019euros dans le budget de la sant\u00e9 en 2023. Le secteur se dit pr\u00eat \u00e0 discuter, notamment du transport partag\u00e9 et de \u00abl\u2019optimisation des co\u00fbts\u00bb. Mais il demande le gel du projet actuel.<\/p>\n<p class=\"sc-ksZaOG ehjQrN text-element\">Mais cette r\u00e9forme n\u2019est pas la seule raison de ces mobilisations. De nombreux taxis manifestent aussi contre la concurrence des VTC, coordonn\u00e9s par des plateformes comme Uber ou Bolt. Le ministre des Transports, Philippe Tabarot, a propos\u00e9 ce mercredi un \u00abrenforcement des contr\u00f4les contre la fraude visant notamment l\u2019exercice ill\u00e9gal d\u2019activit\u00e9, les maraudes et les racolages ill\u00e9gaux\u00bb. Ils s\u2019appuieront notamment sur \u00abl\u2019exp\u00e9rimentation en cours depuis avril de nouvelles amendes forfaitaires d\u00e9lictuelles (jusqu\u2019\u00e0 1 000 euros), qui permettent de simplifier et d\u2019acc\u00e9l\u00e9rer les sanctions contre les fraudeurs\u00bb, pr\u00e9cise le minist\u00e8re.<\/p>\n<p class=\"sc-ksZaOG ehjQrN text-element\">Philippe Tabarot a aussi propos\u00e9 de lutter contre \u00able syst\u00e8me abusif de rattachement de certains VTC \u00e0 des gestionnaires de flottes, favorisant l\u2019activit\u00e9 de faux professionnels ainsi que la fraude fiscale et sociale\u00bb. Il propose \u00e9galement de mieux r\u00e9guler l\u2019acc\u00e8s \u00e0 la profession de chauffeur VTC, par \u00abune r\u00e9vision de la voie d\u2019acc\u00e8s dite par \u00e9quivalence\u00bb, qui b\u00e9n\u00e9ficie aux personnes ayant d\u00e9j\u00e0 un an d\u2019exp\u00e9rience dans le transport de personnes. \u00abOn n\u2019est pas contre\u00bb ces mesures, a r\u00e9pliqu\u00e9 la pr\u00e9sidente de la F\u00e9d\u00e9ration nationale du taxi, Emmanuelle Cordier : \u00abMais c\u2019est de l\u2019administratif, \u00e7a ne r\u00e9pond pas aux besoins du terrain.\u00bb<\/p>\n","protected":false},"excerpt":{"rendered":"Les taxis ne d\u00e9col\u00e8rent pas. Des centaines de chauffeurs venus de toute la France continuent de manifester \u00e0&hellip;\n","protected":false},"author":2,"featured_media":117310,"comment_status":"","ping_status":"","sticky":false,"template":"","format":"standard","meta":{"footnotes":""},"categories":[1592],"tags":[1111,11,1777,674,1011,27,18677,662,2088,12,626,25,9699],"class_list":{"0":"post-117309","1":"post","2":"type-post","3":"status-publish","4":"format-standard","5":"has-post-thumbnail","7":"category-ile-de-france","8":"tag-actu","9":"tag-actualites","10":"tag-eu","11":"tag-europe","12":"tag-fr","13":"tag-france","14":"tag-greves","15":"tag-ile-de-france","16":"tag-manifestation","17":"tag-news","18":"tag-paris","19":"tag-republique-francaise","20":"tag-vtc"},"share_on_mastodon":{"url":"https:\/\/pubeurope.com\/@fr\/114546829372605639","error":""},"_links":{"self":[{"href":"https:\/\/www.europesays.com\/fr\/wp-json\/wp\/v2\/posts\/117309","targetHints":{"allow":["GET"]}}],"collection":[{"href":"https:\/\/www.europesays.com\/fr\/wp-json\/wp\/v2\/posts"}],"about":[{"href":"https:\/\/www.europesays.com\/fr\/wp-json\/wp\/v2\/types\/post"}],"author":[{"embeddable":true,"href":"https:\/\/www.europesays.com\/fr\/wp-json\/wp\/v2\/users\/2"}],"replies":[{"embeddable":true,"href":"https:\/\/www.europesays.com\/fr\/wp-json\/wp\/v2\/comments?post=117309"}],"version-history":[{"count":0,"href":"https:\/\/www.europesays.com\/fr\/wp-json\/wp\/v2\/posts\/117309\/revisions"}],"wp:featuredmedia":[{"embeddable":true,"href":"https:\/\/www.europesays.com\/fr\/wp-json\/wp\/v2\/media\/117310"}],"wp:attachment":[{"href":"https:\/\/www.europesays.com\/fr\/wp-json\/wp\/v2\/media?parent=117309"}],"wp:term":[{"taxonomy":"category","embeddable":true,"href":"https:\/\/www.europesays.com\/fr\/wp-json\/wp\/v2\/categories?post=117309"},{"taxonomy":"post_tag","embeddable":true,"href":"https:\/\/www.europesays.com\/fr\/wp-json\/wp\/v2\/tags?post=117309"}],"curies":[{"name":"wp","href":"https:\/\/api.w.org\/{rel}","templated":true}]}}