{"id":117311,"date":"2025-05-21T16:44:08","date_gmt":"2025-05-21T16:44:08","guid":{"rendered":"https:\/\/www.europesays.com\/fr\/117311\/"},"modified":"2025-05-21T16:44:08","modified_gmt":"2025-05-21T16:44:08","slug":"une-inspectrice-devoile-les-dessous-de-son-enquete-au-college-stanislas-a-paris","status":"publish","type":"post","link":"https:\/\/www.europesays.com\/fr\/117311\/","title":{"rendered":"une inspectrice d\u00e9voile les dessous de son enqu\u00eate au coll\u00e8ge Stanislas \u00e0 Paris"},"content":{"rendered":"<p>            Par<br \/>\n        <strong><br \/>\n            <a href=\"https:\/\/actu.fr\/auteur\/dorinegoth\" title=\"Consulter tous les articles de Dorine Goth\" rel=\"nofollow noopener\" target=\"_blank\">Dorine Goth<\/a><br \/>\n        <\/strong><\/p>\n<p>        Publi\u00e9 le<\/p>\n<p>            21 mai 2025 \u00e0 17h42        <\/p>\n<p>Une ambiance \u00e9lectrique, \u00e0 l\u2019image du sujet qui a d\u00e9cha\u00een\u00e9 les passions. Deux ans apr\u00e8s la r\u00e9daction du rapport d\u2019<a href=\"https:\/\/actu.fr\/ile-de-france\/paris_75056\/le-lycee-stanislas-vise-par-une-enquete-apres-des-accusations-de-sexisme-et-d-homophobie_59546604.html\" rel=\"nofollow noopener\" target=\"_blank\">enqu\u00eate<\/a> sur le <strong><a href=\"https:\/\/actu.fr\/ile-de-france\/paris_75056\/paris-quel-est-le-point-commun-entre-le-college-stanislas-et-le-baba-au-rhum_60618800.html\" rel=\"nofollow noopener\" target=\"_blank\">coll\u00e8ge priv\u00e9 Stanislas \u00e0 Paris<\/a><\/strong>, les inspecteurs g\u00e9n\u00e9raux \u00e9taient auditionn\u00e9s, mercredi 21\u00a0mai 2025, dans le cadre de la commission parlementaire sur les violences scolaires ouvertes apr\u00e8s l\u2019<a href=\"https:\/\/actu.fr\/politique\/affaire-betharram-francois-bayrou-savait-il-le-premier-ministre-devant-la-commission-d-enquete-ce-mardi_62627578.html\" rel=\"nofollow noopener\" target=\"_blank\">affaire Betharram<\/a>. Deux inspectrices ont pu revenir sur les conclusions du rapport, qui selon elles <strong>trahissaient<\/strong> son essence. \u00ab\u2009J\u2019endosse le rapport mais pas cette lettre de transmission. <a href=\"https:\/\/actu.fr\/ile-de-france\/paris_75056\/paris-accusations-de-violences-a-stanislas-le-rapport-aurait-ete-edulcore-les-inspecteurs-auditionnes_62577869.html\" rel=\"nofollow noopener\" target=\"_blank\">Elle dit le contraire<\/a> de ce que l\u2019on a \u00e9crit. Elle a des effets sur l\u2019int\u00e9grit\u00e9 professionnelle de l\u2019\u00e9quipe et c\u2019est tr\u00e8s grave\u2009\u00bb, d\u00e9nonce Annie Dyckmans.<\/p>\n<p>Un paragraphe ajout\u00e9<\/p>\n<p class=\" wall-content\">Au c\u0153ur des discussions, un paragraphe, repris ensuite par la communication dioc\u00e9saine et de Stanislas et ajout\u00e9 sans avoir \u00e9t\u00e9 approuv\u00e9 par les inspecteurs. Il stipule que \u00ab\u2009la mission ne confirme pas les faits de<strong> sexisme, d\u2019<a href=\"https:\/\/actu.fr\/ile-de-france\/paris_75056\/paris-deux-associations-portent-plainte-contre-stanislas-pour-homophobie_60621467.html\" rel=\"nofollow noopener\" target=\"_blank\">homophobie<\/a> et d\u2019autoritarisme<\/strong>\u2009\u00bb. Ce passage, d\u00e9cisif, blanchit la responsabilit\u00e9 de l\u2019\u00e9tablissement.<\/p>\n<p class=\" wall-content\">Or, l\u2019ensemble du rapport tend \u00e0 d\u00e9montrer le contraire. \u00ab\u2009Je vous dis la <strong>terreur<\/strong> de certains t\u00e9moins qui ont demand\u00e9 \u00e0 \u00eatre entendus en dehors de Stanislas. Il d\u00e9non\u00e7ait, sous anonymat par peur de perdre son emploi, des faits d\u2019homophobie graves. Il faut savoir que dans ce rapport, ne parlent que ceux qui ont le courage de parler\u2009\u00bb, poursuit l\u2019inspectrice. \u00ab\u2009Une \u00e9l\u00e8ve brillante, troisi\u00e8me de sa classe, a \u00e9t\u00e9 exclue parce qu\u2019elle arborait un gilet qualifi\u00e9 de LGBT. L\u2019\u00e9tablissement va toujours privil\u00e9gier \u2018l\u2019esprit Stan\u2019\u2009\u00bb, abonde sa coll\u00e8gue Fran\u00e7oise Boutet-Wa\u00efs.<\/p>\n<p>Un ajout de l\u2019Inspection g\u00e9n\u00e9rale<\/p>\n<p class=\" wall-content\">Patrick Allal, pilote de la mission au d\u00e9part avant de devenir cor\u00e9f\u00e9rent et relecteur du projet de rapport pointe la <strong>responsabilit\u00e9<\/strong> de \u00ab\u2009la cheffe de l\u2019<a href=\"https:\/\/actu.fr\/ile-de-france\/paris_75056\/paris-rapport-edulcore-sur-les-violences-a-stanislas-l-inspection-generale-de-l-education-dement_62596438.html\" rel=\"nofollow noopener\" target=\"_blank\">Inspection g\u00e9n\u00e9rale<\/a>\u2009\u00bb pour l\u2019ajout de cette phrase. \u00c0 l\u2019\u00e9poque, il s\u2019agissait de <a href=\"https:\/\/actu.fr\/politique\/ce-n-est-pas-adapte-elisabeth-borne-enfonce-la-bd-de-jul-commandee-par-son-ministere-puis-annulee_62397565.html\" rel=\"nofollow noopener\" target=\"_blank\"><strong>Caroline Pascal<\/strong><\/a><strong>,<\/strong> aujourd\u2019hui Directrice g\u00e9n\u00e9rale de l\u2019enseignement scolaire, soit le<strong> num\u00e9ro deux du minist\u00e8re de l\u2019\u00c9ducation<\/strong>.<\/p>\n<p class=\" wall-content\">Mais pour l\u2019inspecteur, cette derni\u00e8re ne d\u00e9nature pas leur propos. \u00ab\u2009En r\u00e9alit\u00e9, quand on lit toute la lettre, il n\u2019y a pas d\u2019ambigu\u00eft\u00e9. La cheffe d\u2019inspection r\u00e9pondait tr\u00e8s clairement \u00e0 la saisine. Elle r\u00e9pondait aux accusations qui avaient \u00e9t\u00e9 port\u00e9es. <strong>La lettre est fid\u00e8le au rapport\u2009\u00bb,<\/strong> affirme Patrick Allal.<\/p>\n<p>Un usage \u00ab\u2009malhonn\u00eate\u2009\u00bb<\/p>\n<p class=\" wall-content\">Il d\u00e9plore toutefois \u00ab\u2009l\u2019usage fait de la lettre\u2009\u00bb, notamment par <a href=\"https:\/\/actu.fr\/ile-de-france\/paris_75056\/lycee-stanislas-a-paris-le-directeur-repond-aux-accusations-de-sexisme-et-d-homophobie_60592618.html\" rel=\"nofollow noopener\" target=\"_blank\">le directeur de l\u2019\u00e9tablissement<\/a>, Fr\u00e9d\u00e9ric Gauthier. \u00ab\u2009Il n\u2019aurait jamais d\u00fb avoir cette lettre. L\u2019usage qu\u2019il en a fait est malhonn\u00eate\u2009\u00bb, insiste Patrick Allal. En janvier\u00a02024, alors sous le feu des critiques, Fr\u00e9d\u00e9ric Gauthier<strong> brandissait les r\u00e9sultats de cette enqu\u00eate<\/strong> administrative pour r\u00e9pondre aux accusations de sexisme et d\u2019homophobie. \u00ab\u2009Les accusations visant Stanislas n\u2019ont pas \u00e9t\u00e9 retenues par les inspecteurs\u2009\u00bb, avait-il d\u00e9clar\u00e9 sur le plateau de BFMTV.<\/p>\n<p class=\" wall-content\">Ces auditions se sont closes ensuite avec \u00c9lisabeth Borne, ministre de l\u2019\u00c9ducation nationale. Le rapport final de la commission devrait \u00eatre rendu fin juin, apr\u00e8s plus de 140 auditions.<\/p>\n<p class=\" wall-content\">Suivez toute l\u2019actualit\u00e9 de vos villes et m\u00e9dias favoris en vous inscrivant \u00e0 <a href=\"https:\/\/moncompte.actu.fr\" title=\"D\u00e9couvez Mon Actu\" rel=\"nofollow noopener\" data-trk=\"{&quot;cta&quot;:{&quot;action&quot;:&quot;https:\\\/\\\/moncompte.actu.fr&quot;,&quot;category&quot;:&quot;mon compte&quot;,&quot;from&quot;:&quot;article footer&quot;,&quot;name&quot;:&quot;Mon actu&quot;,&quot;type&quot;:&quot;cta&quot;}}\" target=\"_blank\">Mon Actu<\/a>.<\/p>\n<ul class=\"ac-article-tag wall-content\">\n<li><a href=\"https:\/\/actu.fr\/tag\/education\" data-trk=\"{&quot;cta&quot;:{&quot;action&quot;:&quot;Education&quot;,&quot;category&quot;:&quot;tag&quot;,&quot;from&quot;:&quot;article footer&quot;,&quot;name&quot;:&quot;Education&quot;,&quot;type&quot;:&quot;cta&quot;}}\" rel=\"nofollow noopener\" target=\"_blank\">#Education<\/a><\/li>\n<li><a href=\"https:\/\/actu.fr\/tag\/elisabeth-borne\" data-trk=\"{&quot;cta&quot;:{&quot;action&quot;:&quot;Elisabeth Borne&quot;,&quot;category&quot;:&quot;tag&quot;,&quot;from&quot;:&quot;article footer&quot;,&quot;name&quot;:&quot;Elisabeth Borne&quot;,&quot;type&quot;:&quot;cta&quot;}}\" rel=\"nofollow noopener\" target=\"_blank\">#Elisabeth Borne<\/a><\/li>\n<\/ul>\n","protected":false},"excerpt":{"rendered":"Par Dorine Goth Publi\u00e9 le 21 mai 2025 \u00e0 17h42 Une ambiance \u00e9lectrique, \u00e0 l\u2019image du sujet qui&hellip;\n","protected":false},"author":2,"featured_media":76819,"comment_status":"","ping_status":"","sticky":false,"template":"","format":"standard","meta":{"footnotes":""},"categories":[1888],"tags":[1111,1928,11,1927,1057,5757,1777,674,1011,27,12,1926,626,1925,25,104],"class_list":{"0":"post-117311","1":"post","2":"type-post","3":"status-publish","4":"format-standard","5":"has-post-thumbnail","7":"category-paris","8":"tag-actu","9":"tag-actu-paris","10":"tag-actualites","11":"tag-actualites-paris","12":"tag-education","13":"tag-elisabeth-borne","14":"tag-eu","15":"tag-europe","16":"tag-fr","17":"tag-france","18":"tag-news","19":"tag-news-paris","20":"tag-paris","21":"tag-paris-news","22":"tag-republique-francaise","23":"tag-societe"},"share_on_mastodon":{"url":"https:\/\/pubeurope.com\/@fr\/114546833152099649","error":""},"_links":{"self":[{"href":"https:\/\/www.europesays.com\/fr\/wp-json\/wp\/v2\/posts\/117311","targetHints":{"allow":["GET"]}}],"collection":[{"href":"https:\/\/www.europesays.com\/fr\/wp-json\/wp\/v2\/posts"}],"about":[{"href":"https:\/\/www.europesays.com\/fr\/wp-json\/wp\/v2\/types\/post"}],"author":[{"embeddable":true,"href":"https:\/\/www.europesays.com\/fr\/wp-json\/wp\/v2\/users\/2"}],"replies":[{"embeddable":true,"href":"https:\/\/www.europesays.com\/fr\/wp-json\/wp\/v2\/comments?post=117311"}],"version-history":[{"count":0,"href":"https:\/\/www.europesays.com\/fr\/wp-json\/wp\/v2\/posts\/117311\/revisions"}],"wp:featuredmedia":[{"embeddable":true,"href":"https:\/\/www.europesays.com\/fr\/wp-json\/wp\/v2\/media\/76819"}],"wp:attachment":[{"href":"https:\/\/www.europesays.com\/fr\/wp-json\/wp\/v2\/media?parent=117311"}],"wp:term":[{"taxonomy":"category","embeddable":true,"href":"https:\/\/www.europesays.com\/fr\/wp-json\/wp\/v2\/categories?post=117311"},{"taxonomy":"post_tag","embeddable":true,"href":"https:\/\/www.europesays.com\/fr\/wp-json\/wp\/v2\/tags?post=117311"}],"curies":[{"name":"wp","href":"https:\/\/api.w.org\/{rel}","templated":true}]}}