{"id":117329,"date":"2025-05-21T16:54:09","date_gmt":"2025-05-21T16:54:09","guid":{"rendered":"https:\/\/www.europesays.com\/fr\/117329\/"},"modified":"2025-05-21T16:54:09","modified_gmt":"2025-05-21T16:54:09","slug":"un-risque-pour-letat-hebreux","status":"publish","type":"post","link":"https:\/\/www.europesays.com\/fr\/117329\/","title":{"rendered":"un risque pour l&rsquo;Etat h\u00e9breux"},"content":{"rendered":"<p>\u00c0 la lumi\u00e8re des derniers \u00e9v\u00e9nements \u00e0 Gaza, l&rsquo;Union europ\u00e9enne va lancer un r\u00e9examen de son\u00a0accord\u00a0d&rsquo;association avec\u00a0Isra\u00ebl, a annonc\u00e9 mardi la cheffe de la diplomatie europ\u00e9enne Kaja Kallas. \u00ab Il existe une forte majorit\u00e9 en faveur du r\u00e9examen de l&rsquo;article 2 (sur le respect des droits humains) de notre\u00a0accord\u00a0d&rsquo;association avec\u00a0Isra\u00ebl. Nous allons donc nous lancer dans cet exercice \u00bb, a-t-elle d\u00e9clar\u00e9 \u00e0 l&rsquo;issue d&rsquo;une r\u00e9union des ministres des Affaires \u00e9trang\u00e8res de l&rsquo;UE \u00e0 Bruxelles.<\/p>\n<p>La Commission europ\u00e9enne va donc entamer ce processus de r\u00e9vision pour v\u00e9rifier si Isra\u00ebl respecte bien les droits humains et les principes d\u00e9mocratiques, conform\u00e9ment \u00e0 l&rsquo;article 2 de cet\u00a0accord.\u00a0Si celle-ci devait conclure \u00e0 un manquement d&rsquo;Isra\u00ebl, une suspension de ce dernier pourrait \u00eatre alors d\u00e9cid\u00e9e.<\/p>\n<p>Que contient\u00a0l&rsquo;accord\u00a0d&rsquo;association UE-Isra\u00ebl ?<\/p>\n<p>Sign\u00e9 en 1995 et entr\u00e9e en vigueur en 2000, l&rsquo;<a href=\"https:\/\/eeas.europa.eu\/archives\/delegations\/israel\/documents\/eu_israel\/asso_agree_en.pdf\" target=\"_blank\" rel=\"nofollow noopener\">accord d&rsquo;association entre l&rsquo;UE et Isra\u00ebl<\/a>\u00a0\u00ab vise \u00e0 fournir un cadre juridique et institutionnel appropri\u00e9 pour le dialogue politique et la coop\u00e9ration \u00e9conomique entre l&rsquo;UE et Isra\u00ebl \u00bb, indique <a href=\"https:\/\/trade.ec.europa.eu\/access-to-markets\/fr\/content\/accord-dassociation-ue-israel\" target=\"_blank\" rel=\"nofollow noopener\">la Commission europ\u00e9enne sur son site<\/a>. En clair, il a\u00a0notamment pour objectif de favoriser les \u00e9changes de biens et services entre les deux parties, selon l&rsquo;article 1 de cet accord.<\/p>\n<p>L&rsquo;article 2 pr\u00e9voit quant \u00e0 lui que\u00a0\u00ab les relations entre les parties, ainsi que toutes les dispositions de l&rsquo;accord lui-m\u00eame, sont fond\u00e9es sur le respect des droits de l&rsquo;homme et des principes d\u00e9mocratiques, qui guide leur politique\u00a0int\u00e9rieure et internationale et constitue un \u00e9l\u00e9ment essentiel du pr\u00e9sent accord \u00bb.<\/p>\n<p>Quels pays demandent un r\u00e9examen de\u00a0l&rsquo;article 2 ?<\/p>\n<p>Dix-sept pays, dont la France, se sont prononc\u00e9s en faveur de cette r\u00e9vision de l&rsquo;accord\u00a0d&rsquo;association UE-Isra\u00ebl, a annonc\u00e9 le ministre fran\u00e7ais des Affaires \u00e9trang\u00e8res Jean-No\u00ebl Barrot devant l&rsquo;Assembl\u00e9e nationale. L&rsquo;Allemagne a pour sa part d\u00e9fendu ce mercredi l&rsquo;utilit\u00e9 de cet accord, qu&rsquo;elle qualifie de \u00ab forum important \u00bb, sans confirmer des informations de presse selon lesquelles\u00a0elle s&rsquo;est oppos\u00e9e \u00e0 cette r\u00e9vision.<\/p>\n<p>Vingt-deux pays, dont la France, l&rsquo;Allemagne, le Royaume-Uni, le Canada et le Japon et l&rsquo;Australie, ont par ailleurs exig\u00e9 d&rsquo;Isra\u00ebl\u00a0une \u00ab reprise compl\u00e8te de l&rsquo;aide \u00e0 la bande de Gaza, imm\u00e9diatement \u00bb, demandant qu&rsquo;elle soit organis\u00e9e par les Nations unies et les ONG.\u00a0De son c\u00f4t\u00e9, le\u00a0Royaume-Uni\u00a0a annonc\u00e9 suspendre ses n\u00e9gociations pour un accord de libre-\u00e9change avec Isra\u00ebl et convoquer l&rsquo;ambassadrice\u00a0isra\u00e9lienne\u00a0au Royaume-Uni, en r\u00e9ponse \u00e0 l&rsquo;intensification de l&rsquo;offensive isra\u00e9lienne \u00e0 Gaza.<\/p>\n<p>Quelles cons\u00e9quences\u00a0pour Isra\u00ebl en cas de suspension ?<\/p>\n<p>Dan Catarivas, directeur des relations internationales du patronat isra\u00e9lien, a\u00a0averti mardi sur la cha\u00eene de t\u00e9l\u00e9vision isra\u00e9lienne\u00a0<a href=\"https:\/\/www.i24news.tv\/fr\/actu\/economie\/artc-israel-europe-les-relations-economiques-a-l-epreuve-des-tensions-diplomatiques\" target=\"_blank\" rel=\"nofollow noopener\">i24NEWS<\/a> que \u00ab si le gouvernement isra\u00e9lien continue \u00e0 avoir une certaine politique qui va amener des partenaires commerciaux comme l&rsquo;Union europ\u00e9enne \u00e0 prendre des mesures contre Isra\u00ebl, cela peut avoir de graves cons\u00e9quences \u00bb.<\/p>\n<p>Et pour cause, \u00ab l&rsquo;UE est le plus grand partenaire commercial d&rsquo;Isra\u00ebl, repr\u00e9sentant 32 % du total des \u00e9changes de biens d&rsquo;Isra\u00ebl avec le monde en 2024 \u00bb, indique <a href=\"https:\/\/policy.trade.ec.europa.eu\/eu-trade-relationships-country-and-region\/countries-and-regions\/israel_en\" target=\"_blank\" rel=\"nofollow noopener\">le site de la Commission europ\u00e9enne<\/a>. Par ailleurs, \u00ab 34,2 % des importations d&rsquo;Isra\u00ebl provenaient de l&rsquo;UE et 28,8 % des exportations du pays \u00e9taient destin\u00e9es \u00e0 l&rsquo;UE \u00bb.<\/p>\n<p>Et pour l&rsquo;Union europ\u00e9enne ?<\/p>\n<p>\u00c0 l&rsquo;inverse, bien qu&rsquo;Isra\u00ebl soit\u00a0\u00ab le troisi\u00e8me partenaire commercial de l&rsquo;UE dans la r\u00e9gion m\u00e9diterran\u00e9enne, apr\u00e8s le Maroc et l&rsquo;Alg\u00e9rie \u00bb, il\u00a0repr\u00e9sente un\u00a0poids relativement faible dans le commerce europ\u00e9en. \u00ab Isra\u00ebl est le 31e\u00a0partenaire\u202fcommercial de l&rsquo;UE, repr\u00e9sentant pr\u00e8s de 0,8 % du total des \u00e9changes de biens de l&rsquo;UE avec le monde en 2024 \u00bb, selon la Commission europ\u00e9enne.<\/p>\n<p>Que repr\u00e9sentent les \u00e9changes entre Isra\u00ebl et l&rsquo;UE ?<\/p>\n<p>Au total, les \u00e9changes de biens entre l&rsquo;UE et Isra\u00ebl\u00a0s&rsquo;\u00e9levaient \u00e0 42,6 milliards d&rsquo;euros en 2024, selon Bruxelles. Dans le d\u00e9tail, les importations de l&rsquo;UE en provenance d&rsquo;Isra\u00ebl \u00ab se sont \u00e9lev\u00e9es \u00e0 15,9 milliards d&rsquo;euros, principalement des machines et du mat\u00e9riel de transport (7 milliards d&rsquo;euros, 43,9 %), des\u00a0produits chimiques (2,9 milliards d&rsquo;euros, 18 %) et d&rsquo;autres produits manufactur\u00e9s (1,9 milliard d&rsquo;euros, 12,1 %) \u00bb.<\/p>\n<p>Les exportations de l&rsquo;UE vers Isra\u00ebl se sont quant \u00e0 elles \u00e9lev\u00e9es \u00ab \u00e0 26,7 milliards d&rsquo;euros et ont \u00e9t\u00e9 domin\u00e9es par les machines et le mat\u00e9riel de transport (11,5 milliards d&rsquo;euros, 43 %), les produits chimiques (4,8 milliards d&rsquo;euros, 18 %) et d&rsquo;autres produits manufactur\u00e9s (3,1 milliards d&rsquo;euros, 11,7 %) \u00bb,\u00a0selon la Commission europ\u00e9enne.<\/p>\n<p>Du c\u00f4t\u00e9 des services, les \u00e9changes se sont \u00e9lev\u00e9s \u00e0 25,6 milliards d&rsquo;euros en 2023. Les importations de l&rsquo;UE ont repr\u00e9sent\u00e9 10,5 milliards d&rsquo;euros (41 % des \u00e9changes), tandis que les exportations ont repr\u00e9sent\u00e9 15,1 milliards d&rsquo;euros (59 %).<\/p>\n<p>Que r\u00e9pond Isra\u00ebl au r\u00e9examen de cet accord ?<\/p>\n<p>\u00ab Nous rejetons totalement l&rsquo;orientation \u00bb de la cheffe de la diplomatie europ\u00e9enne Kaja Kallas qui \u00ab refl\u00e8te une incompr\u00e9hension totale de la r\u00e9alit\u00e9 complexe \u00e0 laquelle Isra\u00ebl est confront\u00e9 \u00bb, et \u00ab encourage le Hamas \u00e0 rester sur ses positions \u00bb, a d\u00e9clar\u00e9 le porte-parole du minist\u00e8re Oren Marmorstein, dans un communiqu\u00e9 post\u00e9 sur X mardi.<\/p>\n<p>\u00ab Les pressions ext\u00e9rieures ne d\u00e9tourneront pas\u00a0Isra\u00ebl\u00a0de sa voie, qui est de d\u00e9fendre son existence et sa s\u00e9curit\u00e9 contre des ennemis qui cherchent \u00e0 le d\u00e9truire \u00bb, ont \u00e9galement\u00a0affirm\u00e9 mardi les autorit\u00e9s isra\u00e9liennes.<\/p>\n","protected":false},"excerpt":{"rendered":"\u00c0 la lumi\u00e8re des derniers \u00e9v\u00e9nements \u00e0 Gaza, l&rsquo;Union europ\u00e9enne va lancer un r\u00e9examen de son\u00a0accord\u00a0d&rsquo;association avec\u00a0Isra\u00ebl, a&hellip;\n","protected":false},"author":2,"featured_media":117330,"comment_status":"","ping_status":"","sticky":false,"template":"","format":"standard","meta":{"footnotes":""},"categories":[1586],"tags":[17,11,3396,23793,33,1777,674,1779,1011,27,664,20843,12,471,25,23792,4510,1778,364],"class_list":{"0":"post-117329","1":"post","2":"type-post","3":"status-publish","4":"format-standard","5":"has-post-thumbnail","7":"category-europe","8":"tag-17","9":"tag-actualites","10":"tag-avec","11":"tag-dassociation","12":"tag-economie","13":"tag-eu","14":"tag-europe","15":"tag-european-union","16":"tag-fr","17":"tag-france","18":"tag-israel","19":"tag-laccord","20":"tag-news","21":"tag-pour","22":"tag-republique-francaise","23":"tag-revision","24":"tag-risque","25":"tag-ue","26":"tag-union-europeenne"},"share_on_mastodon":{"url":"https:\/\/pubeurope.com\/@fr\/114546872540814671","error":""},"_links":{"self":[{"href":"https:\/\/www.europesays.com\/fr\/wp-json\/wp\/v2\/posts\/117329","targetHints":{"allow":["GET"]}}],"collection":[{"href":"https:\/\/www.europesays.com\/fr\/wp-json\/wp\/v2\/posts"}],"about":[{"href":"https:\/\/www.europesays.com\/fr\/wp-json\/wp\/v2\/types\/post"}],"author":[{"embeddable":true,"href":"https:\/\/www.europesays.com\/fr\/wp-json\/wp\/v2\/users\/2"}],"replies":[{"embeddable":true,"href":"https:\/\/www.europesays.com\/fr\/wp-json\/wp\/v2\/comments?post=117329"}],"version-history":[{"count":0,"href":"https:\/\/www.europesays.com\/fr\/wp-json\/wp\/v2\/posts\/117329\/revisions"}],"wp:featuredmedia":[{"embeddable":true,"href":"https:\/\/www.europesays.com\/fr\/wp-json\/wp\/v2\/media\/117330"}],"wp:attachment":[{"href":"https:\/\/www.europesays.com\/fr\/wp-json\/wp\/v2\/media?parent=117329"}],"wp:term":[{"taxonomy":"category","embeddable":true,"href":"https:\/\/www.europesays.com\/fr\/wp-json\/wp\/v2\/categories?post=117329"},{"taxonomy":"post_tag","embeddable":true,"href":"https:\/\/www.europesays.com\/fr\/wp-json\/wp\/v2\/tags?post=117329"}],"curies":[{"name":"wp","href":"https:\/\/api.w.org\/{rel}","templated":true}]}}