{"id":117335,"date":"2025-05-21T16:57:08","date_gmt":"2025-05-21T16:57:08","guid":{"rendered":"https:\/\/www.europesays.com\/fr\/117335\/"},"modified":"2025-05-21T16:57:08","modified_gmt":"2025-05-21T16:57:08","slug":"lentrepreneuriat-est-il-suffisamment-encourage-en-france","status":"publish","type":"post","link":"https:\/\/www.europesays.com\/fr\/117335\/","title":{"rendered":"L\u2019entrepreneuriat est-il suffisamment encourag\u00e9 en France ?"},"content":{"rendered":"<p>\n                                                Apr\u00e8s d\u2019autres patrons, l\u2019homme le plus riche de France, Bernard Arnault, est auditionn\u00e9 ce mercredi par la Commission d\u2019enqu\u00eate du S\u00e9nat sur les aides publiques accord\u00e9es aux grandes entreprises. Le PDG de LVMH qui avait fait une sortie remarqu\u00e9e en d\u00e9but d\u2019ann\u00e9e \u00e0 propos du montant des imp\u00f4ts sur les soci\u00e9t\u00e9s, d\u00e9non\u00e7ant une \u00ab\u00a0taxe sur le made in France\u00a0\u00bb qui \u00ab\u00a0pousse \u00e0 la d\u00e9localisation\u00a0\u00bb. \u00c0 quel point est-il difficile de lancer son activit\u00e9 en France\u00a0? Le salariat est-il favoris\u00e9 par rapport \u00e0 l\u2019entrepreneuriat\u00a0? Cette culture peut-elle \u00e9voluer\u00a0?                    <\/p>\n<p><strong>Pour en d\u00e9battre<\/strong>\u00a0<strong>:<\/strong><\/p>\n<p><strong>&#8211; Nadine Levratto,<\/strong> \u00e9conomiste et directrice de recherches au CNRS \u00e0 l\u2019Universit\u00e9 Paris Nanterre<\/p>\n<p><strong>&#8211; Philippe Mutricy<\/strong>, \u00e9conomiste, directeur des \u00c9tudes de Bpifrance.<\/p>\n<p>&#8211;\u00a0<a href=\"https:\/\/www.linkedin.com\/in\/paul-gredigui\/?originalSubdomain=fr\" target=\"_blank\" rel=\"noopener\"><strong>Paul Gr\u00e9digui<\/strong>,<\/a>\u00a0entrepreneur de 27 ans. Il a cr\u00e9\u00e9 en octobre 2022 avec Martin Besnier une start-up, <strong><a href=\"https:\/\/www.linkedin.com\/company\/holis-sustainability\/posts\/?feedView=all\" target=\"_blank\" rel=\"noopener\">Holis<\/a><\/strong>, une soci\u00e9t\u00e9 sp\u00e9cialis\u00e9e dans le d\u00e9veloppement de solutions logicielles d\u00e9di\u00e9es \u00e0 l&rsquo;analyse de cycle de vie (ACV). Gr\u00e2ce\u00a0\u00e0 une plateforme interactive, il mesure l&rsquo;impact des produits sur l&rsquo;environnement. Ils sont actuellement 18 salari\u00e9s qui forment une \u00e9quipe pluridisciplinaire compos\u00e9e d\u2019ing\u00e9nieurs en ACV, de d\u00e9veloppeurs full-stack, de data scientists et de sp\u00e9cialistes en r\u00e9glementation environnementale.<\/p>\n","protected":false},"excerpt":{"rendered":"Apr\u00e8s d\u2019autres patrons, l\u2019homme le plus riche de France, Bernard Arnault, est auditionn\u00e9 ce mercredi par la Commission&hellip;\n","protected":false},"author":2,"featured_media":117336,"comment_status":"","ping_status":"","sticky":false,"template":"","format":"standard","meta":{"footnotes":""},"categories":[4],"tags":[11,23794,33,313,1011,27,12,25],"class_list":{"0":"post-117335","1":"post","2":"type-post","3":"status-publish","4":"format-standard","5":"has-post-thumbnail","7":"category-france","8":"tag-actualites","9":"tag-debat-du-jour","10":"tag-economie","11":"tag-entreprises","12":"tag-fr","13":"tag-france","14":"tag-news","15":"tag-republique-francaise"},"share_on_mastodon":{"url":"https:\/\/pubeurope.com\/@fr\/114546884313422058","error":""},"_links":{"self":[{"href":"https:\/\/www.europesays.com\/fr\/wp-json\/wp\/v2\/posts\/117335","targetHints":{"allow":["GET"]}}],"collection":[{"href":"https:\/\/www.europesays.com\/fr\/wp-json\/wp\/v2\/posts"}],"about":[{"href":"https:\/\/www.europesays.com\/fr\/wp-json\/wp\/v2\/types\/post"}],"author":[{"embeddable":true,"href":"https:\/\/www.europesays.com\/fr\/wp-json\/wp\/v2\/users\/2"}],"replies":[{"embeddable":true,"href":"https:\/\/www.europesays.com\/fr\/wp-json\/wp\/v2\/comments?post=117335"}],"version-history":[{"count":0,"href":"https:\/\/www.europesays.com\/fr\/wp-json\/wp\/v2\/posts\/117335\/revisions"}],"wp:featuredmedia":[{"embeddable":true,"href":"https:\/\/www.europesays.com\/fr\/wp-json\/wp\/v2\/media\/117336"}],"wp:attachment":[{"href":"https:\/\/www.europesays.com\/fr\/wp-json\/wp\/v2\/media?parent=117335"}],"wp:term":[{"taxonomy":"category","embeddable":true,"href":"https:\/\/www.europesays.com\/fr\/wp-json\/wp\/v2\/categories?post=117335"},{"taxonomy":"post_tag","embeddable":true,"href":"https:\/\/www.europesays.com\/fr\/wp-json\/wp\/v2\/tags?post=117335"}],"curies":[{"name":"wp","href":"https:\/\/api.w.org\/{rel}","templated":true}]}}