{"id":117346,"date":"2025-05-21T17:05:09","date_gmt":"2025-05-21T17:05:09","guid":{"rendered":"https:\/\/www.europesays.com\/fr\/117346\/"},"modified":"2025-05-21T17:05:09","modified_gmt":"2025-05-21T17:05:09","slug":"giro-tour-ditalie-egan-bernal-mon-attaque-simplement-pour-essayer","status":"publish","type":"post","link":"https:\/\/www.europesays.com\/fr\/117346\/","title":{"rendered":"Giro. Tour d&rsquo;Italie &#8211; Egan Bernal : \u00abMon attaque ? Simplement pour essayer&#8230;\u00bb"},"content":{"rendered":"<p>24 heures apr\u00e8s sa chute et sa grosse perte de temps lors du contre-la-montre de la 10e \u00e9tape, <strong><a href=\"https:\/\/www.cyclismactu.net\/..\/news-tour-d-italie-route-egan-bernal-avec-chute-on-va-voir-jour-jour-87963.html\" target=\"_blank\" rel=\"nofollow noopener\">Egan Bernal<\/a><\/strong> (INEOS Grenadiers) s\u2019est montr\u00e9 offensif dans l\u2019une des plus dures ascensions de ce <strong>108e Giro<\/strong>, l\u2019Alpe San Pellegrino. Le champion de Colombie a \u00e9t\u00e9 le seul des favoris \u00e0 lancer une attaque, imm\u00e9diatement suivie par <strong>Del Toro<\/strong> (UAE Team Emirates) et <strong>Ayuso<\/strong> (UAE Team Emirates), puis par les autres pr\u00e9tendants au classement g\u00e9n\u00e9ral.<\/p>\n<p>Vid\u00e9o &#8211; Revivez cette 11e \u00e9tape, pleine de suspense Lire la suite de l&rsquo;article&#13;<\/p>\n<p>\u00a0<\/p>\n<p>&#13;<br \/>\n\u00ab\u00a0Carapaz&#8230; tr\u00e8s content pour lui\u00a0\u00bb&#13;<\/p>\n<p>Cette attaque \u00e9tait-elle pr\u00e9vue par la formation <strong>INEOS Grenadiers<\/strong>,<strong> Bernal <\/strong>assure que oui : \u00ab\u00a0Disons qu\u2019on s\u2019\u00e9tait dit que si on se sentait bien, on pouvait tenter quelque chose. Mais bon, il restait encore pas mal de chemin jusqu\u2019\u00e0 l\u2019arriv\u00e9e, donc c\u2019\u00e9tait simplement pour essayer, voir comment \u00e9taient les autres, et si quelqu\u2019un du g\u00e9n\u00e9ral avait peut-\u00eatre l\u00e2ch\u00e9, on aurait pu continuer.\u00a0\u00bb<\/p>\n<p>&#13;<\/p>\n<p>En d\u00e9but d&rsquo;\u00e9tape, le Colombien, tomb\u00e9 mardi, ne sentait pourtant pas au top. \u00ab\u00a0Au d\u00e9but, pour \u00eatre honn\u00eate, je ne me sentais pas tr\u00e8s bien, j\u2019\u00e9tais un peu gonfl\u00e9, je ne sais pas, je n\u2019\u00e9tais pas super. Et ensuite, avec la mont\u00e9e, je pense que \u00e7a allait un peu mieux\u00a0\u00bb, explique-t-il. <strong>Bernal <\/strong>a \u00e9galement f\u00e9licit\u00e9 le vainqueur du jour : \u00ab\u00a0Tr\u00e8s content pour lui, vraiment, il le m\u00e9rite, il est tr\u00e8s courageux. Je pense qu\u2019il est parti tr\u00e8s fort, et il m\u00e9rite cette victoire. F\u00e9licitations \u00e0 lui.\u00a0\u00bb<\/p>\n<p>Tour d&rsquo;Italie &#8211; Classement de la 11\u00e8 \u00e9tape Tour d&rsquo;Italie &#8211; Classement g\u00e9n\u00e9ral provisoire apr\u00e8s la 11\u00e8 \u00e9tape<\/p>\n","protected":false},"excerpt":{"rendered":"24 heures apr\u00e8s sa chute et sa grosse perte de temps lors du contre-la-montre de la 10e \u00e9tape,&hellip;\n","protected":false},"author":2,"featured_media":117347,"comment_status":"","ping_status":"","sticky":false,"template":"","format":"standard","meta":{"footnotes":""},"categories":[1411],"tags":[1154,207,1011,27,209,60,3318,208],"class_list":{"0":"post-117346","1":"post","2":"type-post","3":"status-publish","4":"format-standard","5":"has-post-thumbnail","7":"category-cyclisme","8":"tag-cycling","9":"tag-cyclisme","10":"tag-fr","11":"tag-france","12":"tag-route","13":"tag-sports","14":"tag-tour-d","15":"tag-velo"},"share_on_mastodon":{"url":"https:\/\/pubeurope.com\/@fr\/114546915647182614","error":""},"_links":{"self":[{"href":"https:\/\/www.europesays.com\/fr\/wp-json\/wp\/v2\/posts\/117346","targetHints":{"allow":["GET"]}}],"collection":[{"href":"https:\/\/www.europesays.com\/fr\/wp-json\/wp\/v2\/posts"}],"about":[{"href":"https:\/\/www.europesays.com\/fr\/wp-json\/wp\/v2\/types\/post"}],"author":[{"embeddable":true,"href":"https:\/\/www.europesays.com\/fr\/wp-json\/wp\/v2\/users\/2"}],"replies":[{"embeddable":true,"href":"https:\/\/www.europesays.com\/fr\/wp-json\/wp\/v2\/comments?post=117346"}],"version-history":[{"count":0,"href":"https:\/\/www.europesays.com\/fr\/wp-json\/wp\/v2\/posts\/117346\/revisions"}],"wp:featuredmedia":[{"embeddable":true,"href":"https:\/\/www.europesays.com\/fr\/wp-json\/wp\/v2\/media\/117347"}],"wp:attachment":[{"href":"https:\/\/www.europesays.com\/fr\/wp-json\/wp\/v2\/media?parent=117346"}],"wp:term":[{"taxonomy":"category","embeddable":true,"href":"https:\/\/www.europesays.com\/fr\/wp-json\/wp\/v2\/categories?post=117346"},{"taxonomy":"post_tag","embeddable":true,"href":"https:\/\/www.europesays.com\/fr\/wp-json\/wp\/v2\/tags?post=117346"}],"curies":[{"name":"wp","href":"https:\/\/api.w.org\/{rel}","templated":true}]}}