{"id":117354,"date":"2025-05-21T17:09:11","date_gmt":"2025-05-21T17:09:11","guid":{"rendered":"https:\/\/www.europesays.com\/fr\/117354\/"},"modified":"2025-05-21T17:09:11","modified_gmt":"2025-05-21T17:09:11","slug":"alain-badiou-classique-de-son-vivant-liberation","status":"publish","type":"post","link":"https:\/\/www.europesays.com\/fr\/117354\/","title":{"rendered":"Alain Badiou, classique de son vivant \u2013 Lib\u00e9ration"},"content":{"rendered":"<p class=\"sc-ksZaOG ehjQrN text-element\">Il est rare, de nos jours, que les livres soient plus que des canaux de communication, qu\u2019ils soient eux-m\u00eames des objets. Il faut d\u2019autant plus saluer l\u2019Eclat de l\u2019absolu. Dialogues avec Alain Badiou, de Jana Ndiaye Berankova, publi\u00e9 par la minuscule maison d\u2019\u00e9dition Suture Press, qui, bien qu\u2019elle soit bas\u00e9e en R\u00e9publique tch\u00e8que, \u00e9dite des livres en anglais, fran\u00e7ais ou bilingues, distribu\u00e9s exclusivement sur Internet. Voil\u00e0 en effet un v\u00e9ritable livre-objet, tant sur le fond que sur la forme.<\/p>\n<p class=\"sc-ksZaOG ehjQrN text-element\">Sur la forme, car le livre est exceptionnellement soign\u00e9 : couverture toil\u00e9e et estamp\u00e9e \u00e0 chaud, motifs dor\u00e9s, illustrations r\u00e9alis\u00e9es sur le mod\u00e8le des gravures de l\u2019Encyclop\u00e9die par un artiste contemporain (ponctuant le propos non avec une certaine ironie : un monument \u00e0 Karl Marx au pied duquel un chien renifle une t\u00eate renvers\u00e9e de L\u00e9nine).<\/p>\n<p class=\"sc-ksZaOG ehjQrN text-element\">Mais sur le fond aussi, car il fait de la pens\u00e9e du philosophe une sorte d\u2019objet, un volume, qui r\u00e9siste \u00e0 la pure et simple consommation de sa signification. Contrairement \u00e0 la plupart des livres d\u2019entretiens, Jana Berankova, jeune th\u00e9oricienne de l\u2019architecture et philosophe, n\u2019invite pas <a href=\"https:\/\/www.liberation.fr\/debats\/2019\/11\/27\/badiou-et-cassin-deux-genres-de-philosophes_1765895\/\" target=\"_blank\" rel=\"noopener\" title=\"https:\/\/www.liberation.fr\/debats\/2019\/11\/27\/badiou-et-cassin-deux-genres-de-philosophes_1765895\/\">Alain Badiou<\/a> \u00e0 r\u00e9p\u00e9ter sous une forme plus populaire ce qu\u2019il a d\u00e9j\u00e0 dit ailleurs. Elle arrive avec des do<\/p>\n","protected":false},"excerpt":{"rendered":"Il est rare, de nos jours, que les livres soient plus que des canaux de communication, qu\u2019ils soient&hellip;\n","protected":false},"author":2,"featured_media":117355,"comment_status":"","ping_status":"","sticky":false,"template":"","format":"standard","meta":{"footnotes":""},"categories":[1357],"tags":[1379,10488,58,59,1011,27,1380],"class_list":{"0":"post-117354","1":"post","2":"type-post","3":"status-publish","4":"format-standard","5":"has-post-thumbnail","7":"category-livres","8":"tag-books","9":"tag-cahier-livres","10":"tag-divertissement","11":"tag-entertainment","12":"tag-fr","13":"tag-france","14":"tag-livres"},"share_on_mastodon":{"url":"https:\/\/pubeurope.com\/@fr\/114546931415616311","error":""},"_links":{"self":[{"href":"https:\/\/www.europesays.com\/fr\/wp-json\/wp\/v2\/posts\/117354","targetHints":{"allow":["GET"]}}],"collection":[{"href":"https:\/\/www.europesays.com\/fr\/wp-json\/wp\/v2\/posts"}],"about":[{"href":"https:\/\/www.europesays.com\/fr\/wp-json\/wp\/v2\/types\/post"}],"author":[{"embeddable":true,"href":"https:\/\/www.europesays.com\/fr\/wp-json\/wp\/v2\/users\/2"}],"replies":[{"embeddable":true,"href":"https:\/\/www.europesays.com\/fr\/wp-json\/wp\/v2\/comments?post=117354"}],"version-history":[{"count":0,"href":"https:\/\/www.europesays.com\/fr\/wp-json\/wp\/v2\/posts\/117354\/revisions"}],"wp:featuredmedia":[{"embeddable":true,"href":"https:\/\/www.europesays.com\/fr\/wp-json\/wp\/v2\/media\/117355"}],"wp:attachment":[{"href":"https:\/\/www.europesays.com\/fr\/wp-json\/wp\/v2\/media?parent=117354"}],"wp:term":[{"taxonomy":"category","embeddable":true,"href":"https:\/\/www.europesays.com\/fr\/wp-json\/wp\/v2\/categories?post=117354"},{"taxonomy":"post_tag","embeddable":true,"href":"https:\/\/www.europesays.com\/fr\/wp-json\/wp\/v2\/tags?post=117354"}],"curies":[{"name":"wp","href":"https:\/\/api.w.org\/{rel}","templated":true}]}}