{"id":117356,"date":"2025-05-21T17:10:10","date_gmt":"2025-05-21T17:10:10","guid":{"rendered":"https:\/\/www.europesays.com\/fr\/117356\/"},"modified":"2025-05-21T17:10:10","modified_gmt":"2025-05-21T17:10:10","slug":"les-bons-les-betes-et-ladolescent-sur-adolescence","status":"publish","type":"post","link":"https:\/\/www.europesays.com\/fr\/117356\/","title":{"rendered":"Les bons, les b\u00eates et l&rsquo;adolescent \u2013 sur Adolescence"},"content":{"rendered":"<p>                        Les bons, les b\u00eates et l\u2019adolescent \u2013 sur Adolescence<\/p>\n<p class=\"byline author vcard\">Par    <a href=\"https:\/\/aoc.media\/auteur\/claire-balleysaoc-media\/\" title=\"Articles par Claire Balleys\" class=\"author url fn\" rel=\"author nofollow noopener\" target=\"_blank\">Claire Balleys<\/a><\/p>\n<p>La s\u00e9rie Adolescence diffus\u00e9e sur Netflix est un succ\u00e8s d\u2019audience et a b\u00e9n\u00e9fici\u00e9 d\u2019une large et enthousiaste couverture m\u00e9diatique, si bien qu\u2019elle sera diffus\u00e9e dans toutes les \u00e9coles secondaires britanniques. Elle adopte pourtant un point de vue centr\u00e9 sur l\u2019exp\u00e9rience et les \u00e9motions des adultes. Sous couvert d\u2019une d\u00e9nonciation de la mont\u00e9e de la misogynie chez les adolescents, les auteurs de la s\u00e9rie d\u00e9livrent un message patriarcal teint\u00e9 d\u2019adult gaze.<\/p>\n<p class=\"first-paragraph\">Le 31 mars dernier paraissait dans le journal Le Temps un article intitul\u00e9 \u00ab Keir Starmer applique son id\u00e9e, \u00ab\u00a0Adolescence\u00a0\u00bb sera montr\u00e9e dans les \u00e9coles britanniques \u00bb qui \u00e9non\u00e7ait : \u00ab Joli coup pour Netflix. La minis\u00e9rie Adolescence, qui aborde le sujet des influences toxiques et misogynes auxquelles sont expos\u00e9s les jeunes en ligne et suscite un d\u00e9bat de soci\u00e9t\u00e9 au Royaume-Uni, va \u00eatre diffus\u00e9e gratuitement dans les coll\u00e8ges et lyc\u00e9es du pays \u00bb.<\/p>\n<p><a href=\"https:\/\/www.pantheonsorbonne.fr\/actualite\/lecoute-1257-podcast\" target=\"_blank\" rel=\"noopener nofollow\"><img fetchpriority=\"high\" decoding=\"async\" class=\"size-full wp-image-188431\" src=\"https:\/\/www.europesays.com\/fr\/wp-content\/uploads\/2025\/05\/24-126-AOC-visuel-podcast.png\" alt=\"\" width=\"300\" height=\"250\"\/><\/a>publicit\u00e9<\/p>\n<p>\u00ab Joli coup \u00bb commercial pour la plateforme de streaming en effet, et pour les soci\u00e9t\u00e9s de production qui l\u2019ont financ\u00e9e, dont Plan B Entertainment poss\u00e9d\u00e9e par Brad Pitt. Selon Downing Street donc, cette s\u00e9rie doit \u00eatre visionn\u00e9e par tous les \u00e9l\u00e8ves du secondaire au Royaume-Uni. Il semble par cons\u00e9quent int\u00e9ressant de proc\u00e9der \u00e0 une analyse critique de son propos, plus sp\u00e9cifiquement de la nature et de la distribution des diff\u00e9rents r\u00f4les sociaux.<\/p>\n<p>La s\u00e9rie se d\u00e9roule sur 4 \u00e9pisodes d\u2019une heure et met en sc\u00e8ne les jours qui succ\u00e8dent le meurtre de Katie, une adolescente assassin\u00e9e \u00e0 coups de couteaux par un camarade d\u2019\u00e9cole, Jamie, 13 ans. Le premier \u00e9pisode montre l\u2019arrestation de Jamie \u00e0 son domicile, sa mise en garde \u00e0 vue et l\u2019interrogatoire policier, qui le confond. Le deuxi\u00e8me \u00e9pisode se d\u00e9roule dans le coll\u00e8ge de Jamie et Katie, o\u00f9 les policiers interrogent des \u00e9l\u00e8ves dans le but de retrouver l\u2019arme du crime. Le troisi\u00e8me \u00e9pisode met en sc\u00e8ne l\u2019entretien entre Jamie et une psychologue charg\u00e9e de r\u00e9diger un rapport sur les causes de son acte, au b\u00e9n\u00e9fice de la d\u00e9fense. Enfin, le quatri\u00e8me et dernier \u00e9pisode se d\u00e9roule au sein de la cellule familiale o\u00f9 le p\u00e8re, la m\u00e8re et la s\u0153ur de Jamie tentent de continuer \u00e0 faire famille, et dans lequel les parents se demandent o\u00f9 ils ont p\u00e9ch\u00e9, ayant fabriqu\u00e9 \u00e0 la fois un meurtrier (\u00ab we made him \u00bb) et une adolescente gentille et sans histoire.<\/p>\n<p>Il y a deux h\u00e9ros dans cette histoire, le (bon) flic et le (bon) p\u00e8re de famille. En effet, si Jamie est le personnage princi<\/p>\n<p class=\"author_name\">\n                <a href=\"https:\/\/aoc.media\/auteur\/claire-balleysaoc-media\/\" rel=\"nofollow noopener\" target=\"_blank\">Claire Balleys<\/a>\n            <\/p>\n<p class=\"author_func\">\n                Sociologue, Professeure \u00e0 la Facult\u00e9 des sciences de la soci\u00e9t\u00e9 de l&rsquo;Universit\u00e9 de Gen\u00e8ve et directrice de Medialab, Institut des sciences de la communication et des cultures num\u00e9riques            <\/p>\n","protected":false},"excerpt":{"rendered":"Les bons, les b\u00eates et l\u2019adolescent \u2013 sur Adolescence Par Claire Balleys La s\u00e9rie Adolescence diffus\u00e9e sur Netflix&hellip;\n","protected":false},"author":2,"featured_media":117357,"comment_status":"","ping_status":"","sticky":false,"template":"","format":"standard","meta":{"footnotes":""},"categories":[1356],"tags":[251,58,59,1011,27,3850,23795,938,104,252,1364],"class_list":{"0":"post-117356","1":"post","2":"type-post","3":"status-publish","4":"format-standard","5":"has-post-thumbnail","7":"category-television","8":"tag-culture","9":"tag-divertissement","10":"tag-entertainment","11":"tag-fr","12":"tag-france","13":"tag-genre","14":"tag-medias-et-numerique","15":"tag-reseaux-sociaux","16":"tag-societe","17":"tag-television","18":"tag-tv"},"share_on_mastodon":{"url":"https:\/\/pubeurope.com\/@fr\/114546935307211015","error":""},"_links":{"self":[{"href":"https:\/\/www.europesays.com\/fr\/wp-json\/wp\/v2\/posts\/117356","targetHints":{"allow":["GET"]}}],"collection":[{"href":"https:\/\/www.europesays.com\/fr\/wp-json\/wp\/v2\/posts"}],"about":[{"href":"https:\/\/www.europesays.com\/fr\/wp-json\/wp\/v2\/types\/post"}],"author":[{"embeddable":true,"href":"https:\/\/www.europesays.com\/fr\/wp-json\/wp\/v2\/users\/2"}],"replies":[{"embeddable":true,"href":"https:\/\/www.europesays.com\/fr\/wp-json\/wp\/v2\/comments?post=117356"}],"version-history":[{"count":0,"href":"https:\/\/www.europesays.com\/fr\/wp-json\/wp\/v2\/posts\/117356\/revisions"}],"wp:featuredmedia":[{"embeddable":true,"href":"https:\/\/www.europesays.com\/fr\/wp-json\/wp\/v2\/media\/117357"}],"wp:attachment":[{"href":"https:\/\/www.europesays.com\/fr\/wp-json\/wp\/v2\/media?parent=117356"}],"wp:term":[{"taxonomy":"category","embeddable":true,"href":"https:\/\/www.europesays.com\/fr\/wp-json\/wp\/v2\/categories?post=117356"},{"taxonomy":"post_tag","embeddable":true,"href":"https:\/\/www.europesays.com\/fr\/wp-json\/wp\/v2\/tags?post=117356"}],"curies":[{"name":"wp","href":"https:\/\/api.w.org\/{rel}","templated":true}]}}