{"id":117375,"date":"2025-05-21T17:20:11","date_gmt":"2025-05-21T17:20:11","guid":{"rendered":"https:\/\/www.europesays.com\/fr\/117375\/"},"modified":"2025-05-21T17:20:11","modified_gmt":"2025-05-21T17:20:11","slug":"lexplosion-au-college-du-havre-suscite-linquietude-a-caucriauville","status":"publish","type":"post","link":"https:\/\/www.europesays.com\/fr\/117375\/","title":{"rendered":"l&rsquo;explosion au coll\u00e8ge du Havre suscite l&rsquo;inqui\u00e9tude \u00e0 Caucriauville"},"content":{"rendered":"<p>            Par<br \/>\n        <strong><br \/>\n            <a href=\"https:\/\/actu.fr\/auteur\/louise-boutard\" title=\"Consulter tous les articles de Louise Boutard\" target=\"_blank\" rel=\"noopener\">Louise Boutard<\/a><br \/>\n        <\/strong><\/p>\n<p>        Publi\u00e9 le<\/p>\n<p>            21 mai 2025 \u00e0 16h38        <\/p>\n<p>L\u2019\u00e9motion redescend doucement devant le <strong>coll\u00e8ge Jules-Vall\u00e8s,<\/strong> mais pas dans les foyers. Cet \u00e9tablissement scolaire du <strong>quartier Caucriauville<\/strong> au\u00a0<a href=\"https:\/\/actu.fr\/normandie\/le-havre_76351\" target=\"_blank\" rel=\"noopener\">Havre<\/a> a vu <a href=\"https:\/\/actu.fr\/normandie\/le-havre_76351\/des-bouteilles-explosives-jetees-dans-un-college-du-havre-500-eleves-confines_62666699.html\" target=\"_blank\" rel=\"noopener\">l\u2019explosion de plusieurs bouteilles lanc\u00e9es dans la cour vide<\/a>, vers 9\u2009h\u200920 ce mercredi 21\u00a0mai 2025. <strong>Apr\u00e8s deux heures de confinement<\/strong>, les \u00e9l\u00e8ves ont pu sortir et reprendre leurs activit\u00e9s \u00e0 partir de 11h15 mais pour <strong>les parents<\/strong> qui apprennent les informations au compte-goutte,<strong> la peur est toujours pr\u00e9sente.<\/strong><\/p>\n<p>\u00ab\u2009C\u2019est quand les enfants sont sortis qu\u2019on a \u00e9t\u00e9 soulag\u00e9s\u2009\u00bb<\/p>\n<p class=\" wall-content\">\u00ab\u2009J\u2019habite au 13e, je vois tout ce qui se passe dans la cour, t\u00e9moigne une m\u00e8re d\u2019\u00e9l\u00e8ve devant l\u2019\u00e9tablissement. Quand je me suis mise \u00e0 la fen\u00eatre, <strong>il y avait les pompiers, la police<\/strong>. On s\u2019est dit, mince, il se passe quoi\u2009? Bon, il n\u2019y avait pas le Raid et tout \u00e7a.\u2009\u00bb<\/p>\n<blockquote class=\"ac-article-quote wall-content\">\n<p>Une fois qu&rsquo;ils se sont mis en combinaison, c&rsquo;est l\u00e0 que vraiment j&rsquo;ai paniqu\u00e9. Ils avaient des grandes perches pour percer quelque chose, donc je me suis dit : c&rsquo;est dangereux. Il y a quelque chose, peut-\u00eatre un animal dangereux.<\/p>\n<p>    <strong>Une habitante proche du coll\u00e8ge<\/strong><br \/>\n        M\u00e8re d&rsquo;\u00e9l\u00e8ve    <\/p><\/blockquote>\n<p class=\" wall-content\">Aussit\u00f4t, elle publie une photo sur la messagerie instantan\u00e9e Snapchat et re\u00e7oit de nombreux messages <strong>d\u2019autres parents inquiets.<\/strong> \u00ab\u2009C\u2019est quand les enfants sont sortis qu\u2019on a \u00e9t\u00e9 soulag\u00e9s. Heureusement que ce n\u2019\u00e9tait pas au moment de la r\u00e9cr\u00e9ation, parce que \u00e7a aurait \u00e9t\u00e9 autre chose\u2026\u2009\u00bb<\/p>\n<p>\u00ab\u00a0Aucun bless\u00e9 n\u2019est \u00e0 d\u00e9plorer\u00a0\u00bb<\/p>\n<p class=\" wall-content\">Apr\u00e8s l\u2019explosion, <strong>les 500 adolescents et personnels ont \u00e9t\u00e9 aussit\u00f4t confin\u00e9s<\/strong> dans leurs salles de classe respectives pendant environ deux heures, le temps de l\u2019intervention des secours.<\/p>\n<p class=\" wall-content\">\u00ab\u2009<strong>Des individus encore non identifi\u00e9s<\/strong> ont jet\u00e9 <strong>plusieurs bouteilles contenant un m\u00e9lange inconnu<\/strong> dans la cour de r\u00e9cr\u00e9ation, provoquant <strong>deux d\u00e9tonations.<\/strong> Fort heureusement, aucun \u00e9l\u00e8ve ni membre du personnel ne se trouvait \u00e0 proximit\u00e9 imm\u00e9diate au moment des faits. <strong>Aucun bless\u00e9 n\u2019est \u00e0 d\u00e9plorer<\/strong>\u2009\u00bb, pr\u00e9cise le Rectorat.<\/p>\n<p class=\" wall-content\">Si dans certaines salles, les jeunes ont pu faire passer le temps avec des jeux calmes, d\u2019autres sont rest\u00e9s assis au sol, les uns contre les autres. Les \u00e9l\u00e8ves commen\u00e7ant leurs cours plus tard ont \u00e9t\u00e9 directement renvoy\u00e9s chez eux avant m\u00eame de franchir les portes de l\u2019\u00e9tablissement.<\/p>\n<p class=\" wall-content\">\u00ab\u2009Ils nous ont dit que c\u2019\u00e9tait juste une alerte. Ils nous disaient \u00e0 chaque fois : \u2018non, il n\u2019y a rien, il n\u2019y a rien\u2019. Quand les pompiers sont venus, ils ont dit que finalement, c\u2019\u00e9tait vrai. Ce n\u2019\u00e9tait pas une alerte, t\u00e9moignent des coll\u00e9giennes. <strong>\u00c7a fait peur quand m\u00eame<\/strong>.\u2009\u00bb<\/p>\n<p class=\" wall-content\">Une m\u00e8re d\u2019\u00e9l\u00e8ve qui habite non loin, fait part de son inqui\u00e9tude. \u00ab\u2009Vers 9\u2009h, j\u2019ai entendu comme des \u2018boums\u2019, je me suis un peu inqui\u00e9t\u00e9e, et surtout \u00e7a m\u2019a paru bizarre parce que ma fille finit habituellement vers 10\u2009h, <strong>j\u2019\u00e9tais un peu inqui\u00e8te quand elle n\u2019est pas rentr\u00e9e.\u2009<\/strong>\u00bb<\/p>\n<p class=\" wall-content\">\u00ab\u2009Quand elle est finalement revenue \u00e0 la maison, j\u2019ai vu qu\u2019elle \u00e9tait vraiment soucieuse.\u2009\u00bb Pour se rassurer, elle a choisi d\u2019accompagner sa fille et d\u2019autres coll\u00e9giens vers le cours de piscine. \u00ab\u2009On ne sait pas comment \u00e7a peut se terminer, donc pour la s\u00e9curit\u00e9 des \u00e9l\u00e8ves, c\u2019est mieux d\u2019avoir la pr\u00e9vention.\u2009\u00bb<\/p>\n<p class=\" wall-content\">Sur Pronote, plateforme d\u2019\u00e9change entre les \u00e9tablissements et les familles, un message de la direction du coll\u00e8ge pr\u00e9vient d\u2019un \u00ab\u2009incident\u2009\u00bb survenu le matin et qu\u2019\u00ab\u2009aucun \u00e9l\u00e8ve ne s\u2019est trouv\u00e9 expos\u00e9 \u00e0 un danger\u2009\u00bb.<\/p>\n<p class=\" wall-content\"><strong>Les cours ont repris normalement apr\u00e8s 11\u2009h<\/strong> mais plusieurs parents ne souhaitent pas que leurs enfants reviennent au coll\u00e8ge avant lundi. \u00ab\u2009Une <strong>cellule psychologique<\/strong> sera mise en place si n\u00e9cessaire pour accompagner \u00e9l\u00e8ves et personnels\u2009\u00bb, fait savoir le Rectorat.<\/p>\n<p>Suivez l\u2019actualit\u00e9 du\u00a0Havre sur <a href=\"https:\/\/www.whatsapp.com\/channel\/0029VaFqJYE8aKvLBwVrEe0o\" target=\"_blank\" rel=\"noopener\">notre cha\u00eene WhatsApp<\/a> et sur <a href=\"https:\/\/www.tiktok.com\/@76actu.fr?lang=fr\" target=\"_blank\" rel=\"noopener\">notre compte TikTok<\/a><\/p>\n<p class=\" wall-content\">Suivez toute l\u2019actualit\u00e9 de vos villes et m\u00e9dias favoris en vous inscrivant \u00e0 <a href=\"https:\/\/moncompte.actu.fr\" title=\"D\u00e9couvez Mon Actu\" rel=\"nofollow noopener\" data-trk=\"{&quot;cta&quot;:{&quot;action&quot;:&quot;https:\\\/\\\/moncompte.actu.fr&quot;,&quot;category&quot;:&quot;mon compte&quot;,&quot;from&quot;:&quot;article footer&quot;,&quot;name&quot;:&quot;Mon actu&quot;,&quot;type&quot;:&quot;cta&quot;}}\" target=\"_blank\">Mon Actu<\/a>.<\/p>\n<p>                    <script async src=\"\/\/www.tiktok.com\/embed.js\"><\/script><\/p>\n","protected":false},"excerpt":{"rendered":"Par Louise Boutard Publi\u00e9 le 21 mai 2025 \u00e0 16h38 L\u2019\u00e9motion redescend doucement devant le coll\u00e8ge Jules-Vall\u00e8s, mais&hellip;\n","protected":false},"author":2,"featured_media":117376,"comment_status":"","ping_status":"","sticky":false,"template":"","format":"standard","meta":{"footnotes":""},"categories":[2],"tags":[11,118,1011,27,12,1311,2439],"class_list":{"0":"post-117375","1":"post","2":"type-post","3":"status-publish","4":"format-standard","5":"has-post-thumbnail","7":"category-actualites","8":"tag-actualites","9":"tag-faits-divers","10":"tag-fr","11":"tag-france","12":"tag-news","13":"tag-pompiers","14":"tag-tiktok"},"share_on_mastodon":{"url":"https:\/\/pubeurope.com\/@fr\/114546974607928373","error":""},"_links":{"self":[{"href":"https:\/\/www.europesays.com\/fr\/wp-json\/wp\/v2\/posts\/117375","targetHints":{"allow":["GET"]}}],"collection":[{"href":"https:\/\/www.europesays.com\/fr\/wp-json\/wp\/v2\/posts"}],"about":[{"href":"https:\/\/www.europesays.com\/fr\/wp-json\/wp\/v2\/types\/post"}],"author":[{"embeddable":true,"href":"https:\/\/www.europesays.com\/fr\/wp-json\/wp\/v2\/users\/2"}],"replies":[{"embeddable":true,"href":"https:\/\/www.europesays.com\/fr\/wp-json\/wp\/v2\/comments?post=117375"}],"version-history":[{"count":0,"href":"https:\/\/www.europesays.com\/fr\/wp-json\/wp\/v2\/posts\/117375\/revisions"}],"wp:featuredmedia":[{"embeddable":true,"href":"https:\/\/www.europesays.com\/fr\/wp-json\/wp\/v2\/media\/117376"}],"wp:attachment":[{"href":"https:\/\/www.europesays.com\/fr\/wp-json\/wp\/v2\/media?parent=117375"}],"wp:term":[{"taxonomy":"category","embeddable":true,"href":"https:\/\/www.europesays.com\/fr\/wp-json\/wp\/v2\/categories?post=117375"},{"taxonomy":"post_tag","embeddable":true,"href":"https:\/\/www.europesays.com\/fr\/wp-json\/wp\/v2\/tags?post=117375"}],"curies":[{"name":"wp","href":"https:\/\/api.w.org\/{rel}","templated":true}]}}