{"id":117377,"date":"2025-05-21T17:21:22","date_gmt":"2025-05-21T17:21:22","guid":{"rendered":"https:\/\/www.europesays.com\/fr\/117377\/"},"modified":"2025-05-21T17:21:22","modified_gmt":"2025-05-21T17:21:22","slug":"villars-trente-ans-de-mandat-delu-municipal-pour-jean-marc-masson","status":"publish","type":"post","link":"https:\/\/www.europesays.com\/fr\/117377\/","title":{"rendered":"Villars. Trente ans de mandat d\u2019\u00e9lu municipal pour Jean-Marc Masson"},"content":{"rendered":"<p>L\u2019adjoint au maire, aujourd\u2019hui en charge des finances, vient de recevoir la m\u00e9daille d\u2019honneur r\u00e9compensant l\u2019engagement municipal.<\/p>\n<p>C\u2019est un souvenir d\u00e9j\u00e0 vieux de 30 ans. \u00ab\u00a0Je connaissais Hubert Pouquet qui \u00e9tait le m\u00e9decin f\u00e9d\u00e9ral du comit\u00e9 de la Loire de plong\u00e9e sous-marine quand j\u2019en \u00e9tais le pr\u00e9sident dans les ann\u00e9es 1990. J\u2019\u00e9tais venu habiter Villars en 1989, on a fait construire une maison au Platon,&#8230;<\/p>\n","protected":false},"excerpt":{"rendered":"L\u2019adjoint au maire, aujourd\u2019hui en charge des finances, vient de recevoir la m\u00e9daille d\u2019honneur r\u00e9compensant l\u2019engagement municipal. C\u2019est&hellip;\n","protected":false},"author":2,"featured_media":117378,"comment_status":"","ping_status":"","sticky":false,"template":"","format":"standard","meta":{"footnotes":""},"categories":[9653],"tags":[1111,11,2430,1984,7539,1777,674,1011,27,12,316,25,4001,9664,10246],"class_list":{"0":"post-117377","1":"post","2":"type-post","3":"status-publish","4":"format-standard","5":"has-post-thumbnail","7":"category-saint-etienne","8":"tag-actu","9":"tag-actualites","10":"tag-auvergne-rhone-alpes","11":"tag-conseil-municipal","12":"tag-edition-loire-sud","13":"tag-eu","14":"tag-europe","15":"tag-fr","16":"tag-france","17":"tag-news","18":"tag-politique","19":"tag-republique-francaise","20":"tag-saint-etienne","21":"tag-saint-etienne-bassin","22":"tag-villars"},"share_on_mastodon":{"url":"https:\/\/pubeurope.com\/@fr\/114546978506758718","error":""},"_links":{"self":[{"href":"https:\/\/www.europesays.com\/fr\/wp-json\/wp\/v2\/posts\/117377","targetHints":{"allow":["GET"]}}],"collection":[{"href":"https:\/\/www.europesays.com\/fr\/wp-json\/wp\/v2\/posts"}],"about":[{"href":"https:\/\/www.europesays.com\/fr\/wp-json\/wp\/v2\/types\/post"}],"author":[{"embeddable":true,"href":"https:\/\/www.europesays.com\/fr\/wp-json\/wp\/v2\/users\/2"}],"replies":[{"embeddable":true,"href":"https:\/\/www.europesays.com\/fr\/wp-json\/wp\/v2\/comments?post=117377"}],"version-history":[{"count":0,"href":"https:\/\/www.europesays.com\/fr\/wp-json\/wp\/v2\/posts\/117377\/revisions"}],"wp:featuredmedia":[{"embeddable":true,"href":"https:\/\/www.europesays.com\/fr\/wp-json\/wp\/v2\/media\/117378"}],"wp:attachment":[{"href":"https:\/\/www.europesays.com\/fr\/wp-json\/wp\/v2\/media?parent=117377"}],"wp:term":[{"taxonomy":"category","embeddable":true,"href":"https:\/\/www.europesays.com\/fr\/wp-json\/wp\/v2\/categories?post=117377"},{"taxonomy":"post_tag","embeddable":true,"href":"https:\/\/www.europesays.com\/fr\/wp-json\/wp\/v2\/tags?post=117377"}],"curies":[{"name":"wp","href":"https:\/\/api.w.org\/{rel}","templated":true}]}}