{"id":117383,"date":"2025-05-21T17:24:11","date_gmt":"2025-05-21T17:24:11","guid":{"rendered":"https:\/\/www.europesays.com\/fr\/117383\/"},"modified":"2025-05-21T17:24:11","modified_gmt":"2025-05-21T17:24:11","slug":"la-tete-des-maitres-du-monde-mise-a-prix","status":"publish","type":"post","link":"https:\/\/www.europesays.com\/fr\/117383\/","title":{"rendered":"la t\u00eate des ma\u00eetres du monde mise \u00e0 prix"},"content":{"rendered":"<p>La premi\u00e8re sc\u00e8ne du nouveau roman de Philippe Claudel est tellement visuelle\u00a0: <a href=\"https:\/\/www.estrepublicain.fr\/p\/elon-musk\" target=\"_blank\" rel=\"noopener\">Elon Musk<\/a> portant son dernier n\u00e9 \u00e0 bout de bras, annonce dans le bureau Ovale de la maison Blanche qu\u2019il met un million de dollars sur la table, pour celui qui lui rapportera la t\u00eate de Poutine\u2026<\/p>\n<p>Avec Wanted, \u00e9dit\u00e9 chez Stock, Philippe Claudel investit le champ du r\u00e9el, dont l\u2019\u00e9normit\u00e9 d\u00e9passe la fiction. Longtemps, le romancier lorrain et <a href=\"https:\/\/www.estrepublicain.fr\/culture-loisirs\/2024\/05\/13\/philippe-claudel-elu-president-de-l-academie-goncourt\" target=\"_blank\" rel=\"noopener\">pr\u00e9sident de l\u2019Acad\u00e9mie Goncourt,<\/a> a \u00e9voqu\u00e9 la r\u00e9alit\u00e9 en gommant les contours, en effa\u00e7ant les pistes temporelles, en r\u00e9duisant l\u2019obsolescence de ses textes\u00a0: dans L\u2019Archipel du Chien, l\u2019\u00eele dont la plage \u00e9tait jonch\u00e9e de cadavres de migrants, ressemblait \u00e0 Lampedusa, mais jamais le nom n\u2019\u00e9tait prononc\u00e9\u2026<\/p>\n<p>\u00ab\u00a0 Apr\u00e8s le coup de bambou re\u00e7u derri\u00e8re la nuque avec l\u2019\u00e9lection de Trump, je me suis demand\u00e9 ce que pouvait faire, \u00e9crire un romancier, face \u00e0 une situation qui d\u00e9passe la fiction\u00a0\u00bb explique Philippe Claudel, qui en quatre nuits, a accouch\u00e9 d\u2019une fiction qui invite les lecteurs \u00e0 rire de la situation\u00a0: \u00ab\u00a0L\u2019id\u00e9e du chasseur de prime, du type qui tue pour de l\u2019argent, pour des bonnes comme des mauvaises raisons, r\u00e9sume tellement l\u2019Am\u00e9rique, que j\u2019en ai fait le cadre du roman.\u00a0\u00bb<\/p>\n<p>  Des clowns plus vrais que nature<\/p>\n<p>Pour Philippe Claudel, il vaut mieux rire de Trump, Poutine et Musk, pour \u00ab\u00a0retrouver de l\u2019\u00e9nergie, aller au-del\u00e0 de l\u2019abattement. Ces clowns ont boulevers\u00e9 l\u2019ordre mondial, mais nous n\u2019entendons pas un seul ancien pr\u00e9sident am\u00e9ricain s\u2019exprimer, bousculer leur folie, la contredire\u2026 Rien\u2026 A nous de r\u00e9sister. \u00bb<\/p>\n<p>En 136 pages, o\u00f9 la folie devient une r\u00e9alit\u00e9 plausible, ou le burlesque d\u00e9passe la r\u00e9alit\u00e9, Philippe Claudel embarque son lecteur vers les rivages sans limite du monde selon Poutine, Trump et Musk\u00a0: \u00ab\u00a0Quand Trump pr\u00e9tend annexer le Groenland, Panama et le Canada personne n\u2019\u00e9clate de rire, tout le monde s\u2019empare du sujet comme si cela devenait une donn\u00e9e plausible. On diss\u00e8que le probl\u00e8me, on l\u2019analyse, on en fait des papiers, des \u00e9missions&#8230; Sid\u00e9rant tout de m\u00eame ce cr\u00e9dit accord\u00e9 \u00e0 un bouffon. \u00bb<\/p>\n<p>En prenant de vraies personnes, pour en faire des personnages de roman, Philippe Claudel raconte dans un pastiche tr\u00e8s dr\u00f4le mais au go\u00fbt amer, comment le trio devenu quasiment ma\u00eetre du jeu mondial \u00ab\u00a0est entr\u00e9 par effraction dans nos vies. Je les ai beaucoup \u00e9cout\u00e9s faire sauter toutes les convenances, \u00e0 la fois supr\u00e9macistes, virilistes, machos, qui n\u2019envisagent le monde que sous l\u2019angle du business, du fric, sans frein ou de la soif territoriale. Comment ce pays, les \u00c9tats-Unis, \u00e0 peine deux cents ans d\u2019histoire, a pu mettre en place un tel r\u00e9gime de la spoliation institutionnelle\u00a0?\u00a0\u00bb La question est pos\u00e9e, les cl\u00e9s pour en rire sont livr\u00e9es dans ce roman, d\u00e9rangeant, d\u00e9capant, et pour tout dire d\u00e9licieusement dingue. Enfin, beaucoup moins que les ma\u00eetres du monde.<\/p>\n<p class=\"note\">Wanted , 136 pages, chez Stock, 16,90\u00a0\u20ac<\/p>\n","protected":false},"excerpt":{"rendered":"La premi\u00e8re sc\u00e8ne du nouveau roman de Philippe Claudel est tellement visuelle\u00a0: Elon Musk portant son dernier n\u00e9&hellip;\n","protected":false},"author":2,"featured_media":117384,"comment_status":"","ping_status":"","sticky":false,"template":"","format":"standard","meta":{"footnotes":""},"categories":[9635],"tags":[1111,11,1687,1704,1777,674,1011,27,775,22382,2410,22383,1702,1703,12,316,11058,3456,25],"class_list":{"0":"post-117383","1":"post","2":"type-post","3":"status-publish","4":"format-standard","5":"has-post-thumbnail","7":"category-nancy","8":"tag-actu","9":"tag-actualites","10":"tag-culture-loisirs","11":"tag-edition-nancy-et-agglomeration","12":"tag-eu","13":"tag-europe","14":"tag-fr","15":"tag-france","16":"tag-grand-est","17":"tag-le-livre-sur-la-place","18":"tag-livres-bd","19":"tag-livres-dans-la-boucle","20":"tag-nancy","21":"tag-nancy-ville-54b","22":"tag-news","23":"tag-politique","24":"tag-region-franche-comte","25":"tag-region-lorraine","26":"tag-republique-francaise"},"share_on_mastodon":{"url":"https:\/\/pubeurope.com\/@fr\/114546990306557635","error":""},"_links":{"self":[{"href":"https:\/\/www.europesays.com\/fr\/wp-json\/wp\/v2\/posts\/117383","targetHints":{"allow":["GET"]}}],"collection":[{"href":"https:\/\/www.europesays.com\/fr\/wp-json\/wp\/v2\/posts"}],"about":[{"href":"https:\/\/www.europesays.com\/fr\/wp-json\/wp\/v2\/types\/post"}],"author":[{"embeddable":true,"href":"https:\/\/www.europesays.com\/fr\/wp-json\/wp\/v2\/users\/2"}],"replies":[{"embeddable":true,"href":"https:\/\/www.europesays.com\/fr\/wp-json\/wp\/v2\/comments?post=117383"}],"version-history":[{"count":0,"href":"https:\/\/www.europesays.com\/fr\/wp-json\/wp\/v2\/posts\/117383\/revisions"}],"wp:featuredmedia":[{"embeddable":true,"href":"https:\/\/www.europesays.com\/fr\/wp-json\/wp\/v2\/media\/117384"}],"wp:attachment":[{"href":"https:\/\/www.europesays.com\/fr\/wp-json\/wp\/v2\/media?parent=117383"}],"wp:term":[{"taxonomy":"category","embeddable":true,"href":"https:\/\/www.europesays.com\/fr\/wp-json\/wp\/v2\/categories?post=117383"},{"taxonomy":"post_tag","embeddable":true,"href":"https:\/\/www.europesays.com\/fr\/wp-json\/wp\/v2\/tags?post=117383"}],"curies":[{"name":"wp","href":"https:\/\/api.w.org\/{rel}","templated":true}]}}