{"id":117390,"date":"2025-05-21T17:28:08","date_gmt":"2025-05-21T17:28:08","guid":{"rendered":"https:\/\/www.europesays.com\/fr\/117390\/"},"modified":"2025-05-21T17:28:08","modified_gmt":"2025-05-21T17:28:08","slug":"un-incendie-volontaire-de-laeroport-detruit-plusieurs-avions-dune-ecole-de-pilotage","status":"publish","type":"post","link":"https:\/\/www.europesays.com\/fr\/117390\/","title":{"rendered":"un incendie volontaire de l\u2019a\u00e9roport d\u00e9truit plusieurs avions d&rsquo;une \u00e9cole de pilotage"},"content":{"rendered":"<p class=\"fig-paragraph\">Quinze petits avions bimoteurs d&rsquo;une \u00e9cole de pilotage stationn\u00e9s sur le tarmac de l&rsquo;a\u00e9roport de\u00a0<a href=\"https:\/\/www.lefigaro.fr\/tag\/montpellier\" target=\"_blank\" rel=\"noopener\" data-gtm-custom-categorie=\"navigation\" data-gtm-custom-action=\"crossclick\" data-gtm-custom-label=\"Contextuel\" data-gtm-event=\"customEventSPE\">Montpellier\u00a0<\/a>ont \u00e9t\u00e9 endommag\u00e9s, dont quatre \u00abenti\u00e8rement d\u00e9truits\u00bb, par un incendie \u00abvolontaire\u00bb dans la nuit de lundi \u00e0 mardi, a indiqu\u00e9 mercredi le procureur de Montpellier. \u00abLe pr\u00e9judice est \u00e9valu\u00e9 \u00e0 ce stade \u00e0 plus de trois millions d&rsquo;euros\u00bb, a expliqu\u00e9 dans un message \u00e0 l&rsquo;AFP le procureur, Fabrice B\u00e9largent.<\/p>\n<p class=\"fig-paragraph\">Les pompiers sont intervenus mardi \u00e0 04H00 du matin pour un incendie sur le site de l&rsquo;\u00e9cole d&rsquo;aviation ESMA (Airways Aviation Academy), situ\u00e9e dans l&rsquo;enceinte de l&rsquo;a\u00e9roport, a-t-il pr\u00e9cis\u00e9. \u00abQuinze avions bimoteurs stationn\u00e9s sur le tarmac \u00e9taient endommag\u00e9s, dont quatre enti\u00e8rement d\u00e9truits par l&rsquo;incendie\u00bb, a ajout\u00e9 le magistrat.<\/p>\n<p class=\"fig-paragraph\">\u00abLes constatations r\u00e9v\u00e9laient le caract\u00e8re volontaire de l&rsquo;incendie\u00a0: l&rsquo;enceinte grillag\u00e9e de l&rsquo;\u00e9cole \u00e9tait sectionn\u00e9e et le dispositif de mise \u00e0 feu identifi\u00e9, \u00e0 savoir des bouteilles en plastique contenant du liquide inflammable et d\u00e9tonnant (nitrate) avec une m\u00e8che, d\u00e9pos\u00e9es dans le cockpit d&rsquo;une partie des avions\u00bb, a \u00e9galement d\u00e9taill\u00e9 le procureur. L&rsquo;enqu\u00eate a \u00e9t\u00e9 confi\u00e9e \u00e0 la section de recherches de la gendarmerie des transports a\u00e9riens.<\/p>\n","protected":false},"excerpt":{"rendered":"Quinze petits avions bimoteurs d&rsquo;une \u00e9cole de pilotage stationn\u00e9s sur le tarmac de l&rsquo;a\u00e9roport de\u00a0Montpellier\u00a0ont \u00e9t\u00e9 endommag\u00e9s, dont&hellip;\n","protected":false},"author":2,"featured_media":117391,"comment_status":"","ping_status":"","sticky":false,"template":"","format":"standard","meta":{"footnotes":""},"categories":[9599],"tags":[1111,47,11,663,1109,1112,1777,674,118,1108,107,1106,1107,1011,27,1310,1110,1114,14,2208,12,1113,2680,316,25],"class_list":{"0":"post-117390","1":"post","2":"type-post","3":"status-publish","4":"format-standard","5":"has-post-thumbnail","7":"category-montpellier","8":"tag-actu","9":"tag-actualite","10":"tag-actualites","11":"tag-aeroport","12":"tag-breves","13":"tag-depeches","14":"tag-eu","15":"tag-europe","16":"tag-faits-divers","17":"tag-fil","18":"tag-fil-info","19":"tag-flash","20":"tag-flash-actu","21":"tag-fr","22":"tag-france","23":"tag-incendie","24":"tag-informations","25":"tag-infos","26":"tag-international","27":"tag-montpellier","28":"tag-news","29":"tag-nouvelles","30":"tag-occitanie","31":"tag-politique","32":"tag-republique-francaise"},"share_on_mastodon":{"url":"https:\/\/pubeurope.com\/@fr\/114547006167517652","error":""},"_links":{"self":[{"href":"https:\/\/www.europesays.com\/fr\/wp-json\/wp\/v2\/posts\/117390","targetHints":{"allow":["GET"]}}],"collection":[{"href":"https:\/\/www.europesays.com\/fr\/wp-json\/wp\/v2\/posts"}],"about":[{"href":"https:\/\/www.europesays.com\/fr\/wp-json\/wp\/v2\/types\/post"}],"author":[{"embeddable":true,"href":"https:\/\/www.europesays.com\/fr\/wp-json\/wp\/v2\/users\/2"}],"replies":[{"embeddable":true,"href":"https:\/\/www.europesays.com\/fr\/wp-json\/wp\/v2\/comments?post=117390"}],"version-history":[{"count":0,"href":"https:\/\/www.europesays.com\/fr\/wp-json\/wp\/v2\/posts\/117390\/revisions"}],"wp:featuredmedia":[{"embeddable":true,"href":"https:\/\/www.europesays.com\/fr\/wp-json\/wp\/v2\/media\/117391"}],"wp:attachment":[{"href":"https:\/\/www.europesays.com\/fr\/wp-json\/wp\/v2\/media?parent=117390"}],"wp:term":[{"taxonomy":"category","embeddable":true,"href":"https:\/\/www.europesays.com\/fr\/wp-json\/wp\/v2\/categories?post=117390"},{"taxonomy":"post_tag","embeddable":true,"href":"https:\/\/www.europesays.com\/fr\/wp-json\/wp\/v2\/tags?post=117390"}],"curies":[{"name":"wp","href":"https:\/\/api.w.org\/{rel}","templated":true}]}}