{"id":117392,"date":"2025-05-21T17:29:09","date_gmt":"2025-05-21T17:29:09","guid":{"rendered":"https:\/\/www.europesays.com\/fr\/117392\/"},"modified":"2025-05-21T17:29:09","modified_gmt":"2025-05-21T17:29:09","slug":"pourquoi-le-port-de-rouen-est-en-train-de-demolir-plusieurs-batiments-de-son-domaine","status":"publish","type":"post","link":"https:\/\/www.europesays.com\/fr\/117392\/","title":{"rendered":"Pourquoi le port de Rouen est en train de d\u00e9molir plusieurs b\u00e2timents de son domaine"},"content":{"rendered":"<p>            Par<br \/>\n        <strong><br \/>\n            <a href=\"https:\/\/actu.fr\/auteur\/fmass\" title=\"Consulter tous les articles de Fabien Massin\" target=\"_blank\" rel=\"noopener\">Fabien Massin<\/a><br \/>\n        <\/strong><\/p>\n<p>        Publi\u00e9 le<\/p>\n<p>            21 mai 2025 \u00e0 19h12        <\/p>\n<p>Le <a href=\"https:\/\/actu.fr\/tag\/port-de-rouen\" target=\"_blank\" rel=\"noopener\">port de Rouen<\/a> (Seine-Maritime)<strong> fait le m\u00e9nage dans ses \u00e9quipements<\/strong>. Et plus pr\u00e9cis\u00e9ment dans son parc immobilier. En effet, <strong>plusieurs b\u00e2timents sont actuellement en cours de destruction<\/strong> ou vont l\u2019\u00eatre prochainement. Deux sites de la zone portuaire sont concern\u00e9s par ces op\u00e9rations.<\/p>\n<p>Une parcelle \u00e0 red\u00e9finir<\/p>\n<p class=\" wall-content\">Il y a tout d\u2019abord un b\u00e2timent situ\u00e9 <strong>rue Nansen<\/strong>, entre le bassin Saint-Gervais et le Kindarena.\u00a0<\/p>\n<p class=\" wall-content\">\u00ab\u00a0Il s\u2019agit d\u2019un b\u00e2timent anciennement utilis\u00e9 par l\u2019\u00e9quipe espaces verts du service territorial de Rouen, un service qui au sein de la direction territoriale de Rouen, s\u2019occupe du domanial rouennais pour Haropa port (espaces verts, voirie, entretien\u2026)\u00a0\u00bb, explique-t-on \u00e0 Haropa, la structure qui rassemble les ports havrais, rouennais et parisien.<\/p>\n<p>    <img   decoding=\"async\" loading=\"lazy\" src=\"https:\/\/www.europesays.com\/fr\/wp-content\/uploads\/2025\/05\/port-rouen-hangar-batiment-espaces-verts-960x640.jpg\" alt=\"Un hangar portuaire de Rouen situ\u00e9 rue Nansen va \u00eatre bient\u00f4t d\u00e9moli. \" width=\"960\" height=\"640\"\/><br \/>\n    Un hangar portuaire de Rouen situ\u00e9 rue Nansen va \u00eatre bient\u00f4t d\u00e9moli. (\u00a9FM\/76actu)<\/p>\n<p class=\" wall-content\"><strong>Des probl\u00e8mes de structure<\/strong> rendent sa d\u00e9molition obligatoire. Cette destruction devrait intervenir dans l\u2019ann\u00e9e. Pour l\u2019heure, aucun projet n\u2019est arr\u00eat\u00e9 pour d\u00e9terminer le futur de cette parcelle.<\/p>\n<p>De nouveaux b\u00e2timents techniques et bureaux<\/p>\n<p class=\" wall-content\">Le second site concern\u00e9 se situe au <strong>44, boulevard de l\u2019Ouest<\/strong>. \u00ab\u00a0L\u00e0 il s\u2019agit de la d\u00e9molition de deux hangars qui \u00e9taient auparavant octroy\u00e9s \u00e0 des amodiataires qui n\u2019ont pas renouvel\u00e9 leurs contrats\u00a0\u00bb, informe Haropa.<\/p>\n<p class=\" wall-content\">Ces hangars sont actuellement en cours de destruction, pour laisser place \u00e0 la construction de b\u00e2timents techniques et de bureaux<strong> \u00e0 destination de ce m\u00eame service territorial de Rouen.<\/strong><\/p>\n<blockquote class=\"bluesky-embed\" data-bluesky-uri=\"at:\/\/did:plc:y3qcci6bfdzfa7cwjwdj6o7l\/app.bsky.feed.post\/3lpokjsqexs2a\" data-bluesky-cid=\"bafyreid44n6kstgmhxaydo37tzttrlzpcknzssokrr4kkvhytqqjvnggpy\">\n<p lang=\"fr\">Destruction en cours de hangars portuaires boulevard de l&rsquo;Ouest \u00e0 Rouen.<\/p>\n<p>\u2014 <a href=\"https:\/\/bsky.app\/profile\/did:plc:y3qcci6bfdzfa7cwjwdj6o7l?ref_src=embed\" target=\"_blank\" rel=\"noopener\">Fabien Massin (@fabienmassin.bsky.social)<\/a> <a href=\"https:\/\/bsky.app\/profile\/did:plc:y3qcci6bfdzfa7cwjwdj6o7l\/post\/3lpokjsqexs2a?ref_src=embed\" target=\"_blank\" rel=\"noopener\">2025-05-21T12:01:20.387Z<\/a><\/p>\n<\/blockquote>\n<p>Suivez l\u2019actualit\u00e9 de Rouen sur notre <a href=\"https:\/\/www.whatsapp.com\/channel\/0029VaKfnf99hXF2ddApFB1D\" target=\"_blank\" rel=\"noopener\">cha\u00eene WhatsApp<\/a> et sur notre <a href=\"https:\/\/www.tiktok.com\/@76actu.fr?lang=fr\" target=\"_blank\" rel=\"noopener\">compte TikTok<\/a><\/p>\n<p class=\" wall-content\">Suivez toute l\u2019actualit\u00e9 de vos villes et m\u00e9dias favoris en vous inscrivant \u00e0 <a href=\"https:\/\/moncompte.actu.fr\" title=\"D\u00e9couvez Mon Actu\" rel=\"nofollow noopener\" data-trk=\"{&quot;cta&quot;:{&quot;action&quot;:&quot;https:\\\/\\\/moncompte.actu.fr&quot;,&quot;category&quot;:&quot;mon compte&quot;,&quot;from&quot;:&quot;article footer&quot;,&quot;name&quot;:&quot;Mon actu&quot;,&quot;type&quot;:&quot;cta&quot;}}\" target=\"_blank\">Mon Actu<\/a>.<\/p>\n<p>                    <script async src=\"\/\/www.tiktok.com\/embed.js\"><\/script><\/p>\n","protected":false},"excerpt":{"rendered":"Par Fabien Massin Publi\u00e9 le 21 mai 2025 \u00e0 19h12 Le port de Rouen (Seine-Maritime) fait le m\u00e9nage&hellip;\n","protected":false},"author":2,"featured_media":117393,"comment_status":"","ping_status":"","sticky":false,"template":"","format":"standard","meta":{"footnotes":""},"categories":[9587],"tags":[1111,11,33,1777,674,1011,27,1116,12,5161,10427,25,9590,2086],"class_list":{"0":"post-117392","1":"post","2":"type-post","3":"status-publish","4":"format-standard","5":"has-post-thumbnail","7":"category-rouen","8":"tag-actu","9":"tag-actualites","10":"tag-economie","11":"tag-eu","12":"tag-europe","13":"tag-fr","14":"tag-france","15":"tag-immobilier","16":"tag-news","17":"tag-normandie","18":"tag-port-de-rouen","19":"tag-republique-francaise","20":"tag-rouen","21":"tag-travaux"},"share_on_mastodon":{"url":"https:\/\/pubeurope.com\/@fr\/114547010077115483","error":""},"_links":{"self":[{"href":"https:\/\/www.europesays.com\/fr\/wp-json\/wp\/v2\/posts\/117392","targetHints":{"allow":["GET"]}}],"collection":[{"href":"https:\/\/www.europesays.com\/fr\/wp-json\/wp\/v2\/posts"}],"about":[{"href":"https:\/\/www.europesays.com\/fr\/wp-json\/wp\/v2\/types\/post"}],"author":[{"embeddable":true,"href":"https:\/\/www.europesays.com\/fr\/wp-json\/wp\/v2\/users\/2"}],"replies":[{"embeddable":true,"href":"https:\/\/www.europesays.com\/fr\/wp-json\/wp\/v2\/comments?post=117392"}],"version-history":[{"count":0,"href":"https:\/\/www.europesays.com\/fr\/wp-json\/wp\/v2\/posts\/117392\/revisions"}],"wp:featuredmedia":[{"embeddable":true,"href":"https:\/\/www.europesays.com\/fr\/wp-json\/wp\/v2\/media\/117393"}],"wp:attachment":[{"href":"https:\/\/www.europesays.com\/fr\/wp-json\/wp\/v2\/media?parent=117392"}],"wp:term":[{"taxonomy":"category","embeddable":true,"href":"https:\/\/www.europesays.com\/fr\/wp-json\/wp\/v2\/categories?post=117392"},{"taxonomy":"post_tag","embeddable":true,"href":"https:\/\/www.europesays.com\/fr\/wp-json\/wp\/v2\/tags?post=117392"}],"curies":[{"name":"wp","href":"https:\/\/api.w.org\/{rel}","templated":true}]}}