{"id":117394,"date":"2025-05-21T17:30:08","date_gmt":"2025-05-21T17:30:08","guid":{"rendered":"https:\/\/www.europesays.com\/fr\/117394\/"},"modified":"2025-05-21T17:30:08","modified_gmt":"2025-05-21T17:30:08","slug":"debut-dincendie-dans-un-garage-automobile-a-rouen-avenue-du-mont-riboudet","status":"publish","type":"post","link":"https:\/\/www.europesays.com\/fr\/117394\/","title":{"rendered":"D\u00e9but d&rsquo;incendie dans un garage automobile \u00e0 Rouen, avenue du Mont-Riboudet"},"content":{"rendered":"<p>            Par<br \/>\n        <strong><br \/>\n            <a href=\"https:\/\/actu.fr\/auteur\/louise-boutard\" title=\"Consulter tous les articles de Louise Boutard\" rel=\"nofollow noopener\" target=\"_blank\">Louise Boutard<\/a><br \/>\n        <\/strong><\/p>\n<p>        Publi\u00e9 le<\/p>\n<p>            21 mai 2025 \u00e0 19h24<br \/>\n        ; mis \u00e0 jour le 21 mai 2025 \u00e0 19h26    <\/p>\n<p>Un l\u00e9ger panache de fum\u00e9e blanche \u00e9tait visible. Le <strong>garage automobile Fiat,<\/strong> situ\u00e9 sur l\u2019avenue du Mont-Riboudet \u00e0 <a href=\"https:\/\/actu.fr\/normandie\/rouen_76540\" rel=\"nofollow noopener\" target=\"_blank\">Rouen (Seine-Maritime)<\/a>, a vu un <strong>d\u00e9but d\u2019incendie<\/strong> mercredi 21 mai 2025 en fin d\u2019apr\u00e8s-midi <strong>en pr\u00e9sence de public.<\/strong> Les secours ont \u00e9t\u00e9 appel\u00e9s sur place \u00e0 18\u2009h.<\/p>\n<p>Travaux de d\u00e9molition en cours<\/p>\n<p class=\" wall-content\">Le feu a commenc\u00e9 en raison de <strong>travaux de d\u00e9molition en cours<\/strong>. Des clients \u00e9taient encore pr\u00e9sents dans le commerce.<\/p>\n<p class=\" wall-content\">Treize sapeurs-pompiers et quatre engins ont \u00e9t\u00e9 d\u00e9ploy\u00e9s. La police s\u2019est \u00e9galement rendue sur place. <strong>L\u2019intervention est toujours en cours.<\/strong> Il est recommand\u00e9 d\u2019\u00e9viter le secteur si possible.<\/p>\n<p>Suivez l\u2019actualit\u00e9 de Rouen sur <a href=\"https:\/\/www.whatsapp.com\/channel\/0029VaKfnf99hXF2ddApFB1D\" rel=\"nofollow noopener\" target=\"_blank\">notre cha\u00eene WhatsApp<\/a> et sur <a href=\"https:\/\/www.tiktok.com\/@76actu.fr?lang=fr\" rel=\"nofollow noopener\" target=\"_blank\">notre compte TikTok<\/a><\/p>\n<p class=\" wall-content\">Suivez toute l\u2019actualit\u00e9 de vos villes et m\u00e9dias favoris en vous inscrivant \u00e0 <a href=\"https:\/\/moncompte.actu.fr\" title=\"D\u00e9couvez Mon Actu\" rel=\"nofollow noopener\" data-trk=\"{&quot;cta&quot;:{&quot;action&quot;:&quot;https:\\\/\\\/moncompte.actu.fr&quot;,&quot;category&quot;:&quot;mon compte&quot;,&quot;from&quot;:&quot;article footer&quot;,&quot;name&quot;:&quot;Mon actu&quot;,&quot;type&quot;:&quot;cta&quot;}}\" target=\"_blank\">Mon Actu<\/a>.<\/p>\n<p>                    <script async src=\"\/\/www.tiktok.com\/embed.js\"><\/script><\/p>\n","protected":false},"excerpt":{"rendered":"Par Louise Boutard Publi\u00e9 le 21 mai 2025 \u00e0 19h24 ; mis \u00e0 jour le 21 mai 2025&hellip;\n","protected":false},"author":2,"featured_media":117395,"comment_status":"","ping_status":"","sticky":false,"template":"","format":"standard","meta":{"footnotes":""},"categories":[9587],"tags":[1111,11,646,215,1777,674,118,1011,27,1310,12,5161,25,9590],"class_list":{"0":"post-117394","1":"post","2":"type-post","3":"status-publish","4":"format-standard","5":"has-post-thumbnail","7":"category-rouen","8":"tag-actu","9":"tag-actualites","10":"tag-automobile","11":"tag-commerce","12":"tag-eu","13":"tag-europe","14":"tag-faits-divers","15":"tag-fr","16":"tag-france","17":"tag-incendie","18":"tag-news","19":"tag-normandie","20":"tag-republique-francaise","21":"tag-rouen"},"share_on_mastodon":{"url":"https:\/\/pubeurope.com\/@fr\/114547013918054719","error":""},"_links":{"self":[{"href":"https:\/\/www.europesays.com\/fr\/wp-json\/wp\/v2\/posts\/117394","targetHints":{"allow":["GET"]}}],"collection":[{"href":"https:\/\/www.europesays.com\/fr\/wp-json\/wp\/v2\/posts"}],"about":[{"href":"https:\/\/www.europesays.com\/fr\/wp-json\/wp\/v2\/types\/post"}],"author":[{"embeddable":true,"href":"https:\/\/www.europesays.com\/fr\/wp-json\/wp\/v2\/users\/2"}],"replies":[{"embeddable":true,"href":"https:\/\/www.europesays.com\/fr\/wp-json\/wp\/v2\/comments?post=117394"}],"version-history":[{"count":0,"href":"https:\/\/www.europesays.com\/fr\/wp-json\/wp\/v2\/posts\/117394\/revisions"}],"wp:featuredmedia":[{"embeddable":true,"href":"https:\/\/www.europesays.com\/fr\/wp-json\/wp\/v2\/media\/117395"}],"wp:attachment":[{"href":"https:\/\/www.europesays.com\/fr\/wp-json\/wp\/v2\/media?parent=117394"}],"wp:term":[{"taxonomy":"category","embeddable":true,"href":"https:\/\/www.europesays.com\/fr\/wp-json\/wp\/v2\/categories?post=117394"},{"taxonomy":"post_tag","embeddable":true,"href":"https:\/\/www.europesays.com\/fr\/wp-json\/wp\/v2\/tags?post=117394"}],"curies":[{"name":"wp","href":"https:\/\/api.w.org\/{rel}","templated":true}]}}