{"id":117406,"date":"2025-05-21T17:36:09","date_gmt":"2025-05-21T17:36:09","guid":{"rendered":"https:\/\/www.europesays.com\/fr\/117406\/"},"modified":"2025-05-21T17:36:09","modified_gmt":"2025-05-21T17:36:09","slug":"strasbourg-le-forcene-qui-a-tire-avec-un-fusil-de-chez-lui-presente-devant-la-justice","status":"publish","type":"post","link":"https:\/\/www.europesays.com\/fr\/117406\/","title":{"rendered":"Strasbourg. Le forcen\u00e9, qui a tir\u00e9 avec un fusil de chez lui, pr\u00e9sent\u00e9 devant la justice"},"content":{"rendered":"<p>L\u2019homme de 46 ans qui s\u2019est retranch\u00e9 plusieurs heures dans son appartement du 3e \u00e9tage, au 79 route des Romains, \u00e0 Strasbourg, apr\u00e8s avoir tir\u00e9 des coups de feu depuis sa fen\u00eatre donnant sur la cour de l\u2019immeuble, devrait \u00eatre d\u00e9f\u00e9r\u00e9 au parquet afin de compara\u00eetre devant le tribunal judiciaire le vendredi 23\u00a0mai.<\/p>\n<p>Lors de sa garde \u00e0 vue, le suspect a indiqu\u00e9 souffrir \u00ab\u00a0d\u2019hallucinations auditives\u00a0\u00bb, confirmant les dires d\u2019un de ses voisins qui d\u00e9clarait sur place\u00a0: \u00ab\u00a0Il entend des voix\u00a0!\u00a0\u00bb L\u2019expert psychiatre, qui l\u2019a examin\u00e9, a conclu \u00e0 une alt\u00e9ration de son discernement.<\/p>\n<p>Mardi 20\u00a0mai, vers 12\u00a0h\u00a030, l\u2019homme s\u2019\u00e9tait barricad\u00e9 chez lui alors qu\u2019il venait de tirer plusieurs coups de feu avec un fusil \u00e0 lunette depuis son logement. Peu avant 16\u00a0h, apr\u00e8s de longues n\u00e9gociations, les policiers du Raid avaient donn\u00e9 l\u2019assaut, interpellant le quadrag\u00e9naire. Une petite quantit\u00e9 de coca\u00efne avait \u00e9t\u00e9 d\u00e9couverte lors de la perquisition.<\/p>\n","protected":false},"excerpt":{"rendered":"L\u2019homme de 46 ans qui s\u2019est retranch\u00e9 plusieurs heures dans son appartement du 3e \u00e9tage, au 79 route&hellip;\n","protected":false},"author":2,"featured_media":117407,"comment_status":"","ping_status":"","sticky":false,"template":"","format":"standard","meta":{"footnotes":""},"categories":[2820],"tags":[1111,11,2389,2649,271,272,2880,1777,674,274,107,1011,27,775,12,25,640,2879],"class_list":{"0":"post-117406","1":"post","2":"type-post","3":"status-publish","4":"format-standard","5":"has-post-thumbnail","7":"category-strasbourg","8":"tag-actu","9":"tag-actualites","10":"tag-alsace","11":"tag-bas-rhin","12":"tag-crime","13":"tag-delit-et-contravention","14":"tag-edition-strasbourg","15":"tag-eu","16":"tag-europe","17":"tag-faits-divers-justice","18":"tag-fil-info","19":"tag-fr","20":"tag-france","21":"tag-grand-est","22":"tag-news","23":"tag-republique-francaise","24":"tag-strasbourg","25":"tag-strasbourg-ville"},"share_on_mastodon":{"url":"https:\/\/pubeurope.com\/@fr\/114547037571062126","error":""},"_links":{"self":[{"href":"https:\/\/www.europesays.com\/fr\/wp-json\/wp\/v2\/posts\/117406","targetHints":{"allow":["GET"]}}],"collection":[{"href":"https:\/\/www.europesays.com\/fr\/wp-json\/wp\/v2\/posts"}],"about":[{"href":"https:\/\/www.europesays.com\/fr\/wp-json\/wp\/v2\/types\/post"}],"author":[{"embeddable":true,"href":"https:\/\/www.europesays.com\/fr\/wp-json\/wp\/v2\/users\/2"}],"replies":[{"embeddable":true,"href":"https:\/\/www.europesays.com\/fr\/wp-json\/wp\/v2\/comments?post=117406"}],"version-history":[{"count":0,"href":"https:\/\/www.europesays.com\/fr\/wp-json\/wp\/v2\/posts\/117406\/revisions"}],"wp:featuredmedia":[{"embeddable":true,"href":"https:\/\/www.europesays.com\/fr\/wp-json\/wp\/v2\/media\/117407"}],"wp:attachment":[{"href":"https:\/\/www.europesays.com\/fr\/wp-json\/wp\/v2\/media?parent=117406"}],"wp:term":[{"taxonomy":"category","embeddable":true,"href":"https:\/\/www.europesays.com\/fr\/wp-json\/wp\/v2\/categories?post=117406"},{"taxonomy":"post_tag","embeddable":true,"href":"https:\/\/www.europesays.com\/fr\/wp-json\/wp\/v2\/tags?post=117406"}],"curies":[{"name":"wp","href":"https:\/\/api.w.org\/{rel}","templated":true}]}}